{"id":9388,"date":"2022-09-23T09:02:00","date_gmt":"2022-09-23T07:02:00","guid":{"rendered":"http:\/\/ecn.kielce.pl\/?p=9388"},"modified":"2022-10-03T20:31:58","modified_gmt":"2022-10-03T18:31:58","slug":"zaglosuj-w-budzecie-obywatelskim-kielc","status":"publish","type":"post","link":"https:\/\/ecn.kielce.pl\/index.php\/pl\/2022\/09\/23\/zaglosuj-w-budzecie-obywatelskim-kielc\/","title":{"rendered":"Zag\u0142osuj w Bud\u017cecie Obywatelskim Kielc!"},"content":{"rendered":"\n<h2><strong>Trwa g\u0142osowanie w kolejnej edycji Bud\u017cetu Obywatelskiego Kielc. Zach\u0119camy do oddawania g\u0142os\u00f3w na projekty. <\/strong><\/h2>\n<p><!--more--><\/p>\n<hr>\n<p>Bud\u017cet Obywatelski Kielc ma na celu wi\u0119ksze zaanga\u017cowanie mieszka\u0144c\u00f3w w \u017cycie miasta Kielce, ustalanie priorytet\u00f3w spo\u0142eczno\u015bci lokalnej, integracj\u0119 i budowanie relacji spo\u0142ecznych.<\/p>\n<p>Zach\u0119camy do oddawania g\u0142os\u00f3w na projekty. W\u015br\u00f3d nich znajduj\u0105 si\u0119 r\u00f3wnie\u017c trzy projekty, kt\u00f3re maj\u0105 szans\u0119 zosta\u0107 zrealizowane w Energetycznym Ogrodzie Do\u015bwiadcze\u0144:<\/p>\n<p><span style=\"background-color: #ffcc00;\"><strong>N50<\/strong><\/span> &#8211; Serial Wakacyjnych Przyjemno\u015bci. Aktywne Lato w Mie\u015bcie,<\/p>\n<p><span style=\"background-color: #ffcc00;\"><strong>Z02<\/strong><\/span> &#8211; Zielony Energetyczny Ogr\u00f3d Do\u015bwiadcze\u0144 KPT<\/p>\n<p><span style=\"background-color: #ffffff;\"><span style=\"background-color: #ffcc00;\"><strong>MI31 <\/strong><\/span>&#8211;<\/span> Energetyczny Ogr\u00f3d Do\u015bwiadcze\u0144 \u2013 d\u017awi\u0119kowy plac zabaw<\/p>\n<p><strong>G\u0142osowa\u0107 mo\u017cna przez stron\u0119 <span style=\"background-color: #ffcc00;\"><a style=\"background-color: #ffcc00;\" href=\"http:\/\/bo.kielce.eu\">bo.kielce.eu<\/a><\/span> do 6 pa\u017adziernika 2022 r.&nbsp;<\/strong><\/p>\n","protected":false},"excerpt":{"rendered":"<p>Trwa g\u0142osowanie w kolejnej edycji Bud\u017cetu Obywatelskiego Kielc. Zach\u0119camy do oddawania g\u0142os\u00f3w na projekty.<\/p>\n","protected":false},"author":2,"featured_media":9389,"comment_status":"closed","ping_status":"closed","sticky":false,"template":"","format":"standard","meta":{"_links_to":"","_links_to_target":""},"categories":[8,9],"tags":[1685,1689,1831,1832],"_links":{"self":[{"href":"https:\/\/ecn.kielce.pl\/index.php\/wp-json\/wp\/v2\/posts\/9388"}],"collection":[{"href":"https:\/\/ecn.kielce.pl\/index.php\/wp-json\/wp\/v2\/posts"}],"about":[{"href":"https:\/\/ecn.kielce.pl\/index.php\/wp-json\/wp\/v2\/types\/post"}],"author":[{"embeddable":true,"href":"https:\/\/ecn.kielce.pl\/index.php\/wp-json\/wp\/v2\/users\/2"}],"replies":[{"embeddable":true,"href":"https:\/\/ecn.kielce.pl\/index.php\/wp-json\/wp\/v2\/comments?post=9388"}],"version-history":[{"count":3,"href":"https:\/\/ecn.kielce.pl\/index.php\/wp-json\/wp\/v2\/posts\/9388\/revisions"}],"predecessor-version":[{"id":9394,"href":"https:\/\/ecn.kielce.pl\/index.php\/wp-json\/wp\/v2\/posts\/9388\/revisions\/9394"}],"wp:featuredmedia":[{"embeddable":true,"href":"https:\/\/ecn.kielce.pl\/index.php\/wp-json\/wp\/v2\/media\/9389"}],"wp:attachment":[{"href":"https:\/\/ecn.kielce.pl\/index.php\/wp-json\/wp\/v2\/media?parent=9388"}],"wp:term":[{"taxonomy":"category","embeddable":true,"href":"https:\/\/ecn.kielce.pl\/index.php\/wp-json\/wp\/v2\/categories?post=9388"},{"taxonomy":"post_tag","embeddable":true,"href":"https:\/\/ecn.kielce.pl\/index.php\/wp-json\/wp\/v2\/tags?post=9388"}],"curies":[{"name":"wp","href":"https:\/\/api.w.org\/{rel}","templated":true}]}}