{"id":9384,"date":"2022-10-03T15:05:00","date_gmt":"2022-10-03T13:05:00","guid":{"rendered":"http:\/\/ecn.kielce.pl\/?p=9384"},"modified":"2022-10-03T17:06:37","modified_gmt":"2022-10-03T15:06:37","slug":"jednym-kliknieciem-warsztaty-programistyczne-z-robotem-photon-w-ramach-nocy-innowacji-i-digital-festival-2022","status":"publish","type":"post","link":"https:\/\/ecn.kielce.pl\/index.php\/pl\/2022\/10\/03\/jednym-kliknieciem-warsztaty-programistyczne-z-robotem-photon-w-ramach-nocy-innowacji-i-digital-festival-2022\/","title":{"rendered":"Jednym klikni\u0119ciem\u2026 \u2013 warsztaty programistyczne z robotem Photon w ramach Nocy Innowacji i Digital Festival"},"content":{"rendered":"\n<h2><strong>Click \u2013 tyle wystarczy, aby uruchomi\u0107 robota. Przekonaj\u0105 si\u0119 o tym uczestnicy warsztat\u00f3w programistycznych, na kt\u00f3re zapraszamy w ramach Nocy Innowacji i Digital Festival.<\/strong><\/h2>\n<p><!--more--><\/p>\n<hr>\n<p>Photon, czyli bohater warsztat\u00f3w, to niezwyk\u0142y przybysz, kt\u00f3ry chce pozna\u0107 nasz \u015bwiat. Uczestnicy zaprogramuj\u0105 robota, zostaj\u0105 jego przewodnikami i kompanami do zabawy. Korzystaj\u0105c z aplikacji multimedialnej, wybior\u0105 si\u0119 w niezapomnian\u0105 podr\u00f3\u017c do \u015bwiata kod\u00f3w.<\/p>\n<p>Na zaj\u0119cia zapraszamy <strong>22 oraz 23 pa\u017adziernika o godz. 13:00<\/strong>. Koszt udzia\u0142u wynosi <strong>25 z\u0142\/os. Zaj\u0119cia trwaj\u0105 45 minut<\/strong>. Bilety mo\u017cna kupi\u0107 przez stron\u0119 internetow\u0105 <a href=\"https:\/\/bilety.ecn.kielce.pl\/\"><strong>bilety.ecn.kielce.pl<\/strong><\/a> lub w kasie Centrum. Liczba miejsc ograniczona.Warsztaty kierowane s\u0105 do dzieci <strong>od 6 roku<\/strong> \u017cycia razem z rodzicami\/opiekunami. Ka\u017cde dziecko poni\u017cej 13 roku \u017cycia musi znajdowa\u0107 si\u0119 pod opiek\u0105 doros\u0142ego opiekuna, kt\u00f3rego obowi\u0105zuje bilet wst\u0119pu. Szczeg\u00f3\u0142y pod nr 41 278 72 50.<br>&#8212;<br>Digital Festival to przedsi\u0119wzi\u0119cie realizowane przez Fundacj\u0119 Digital Poland. To inicjatywa, kt\u00f3rej celem jest pokazanie jak nowoczesne technologie pomagaj\u0105 nam w codziennym \u017cyciu oraz w jaki spos\u00f3b z nich czerpa\u0107. Festiwal jest okazj\u0105 do poznania bli\u017cej innowacyjnych rozwi\u0105za\u0144, zdobycia umiej\u0119tno\u015bci cyfrowych oraz wiedzy do wykorzystana w praktyce. Wydarzenie pomaga w zdobyciu niezb\u0119dnych w dzisiejszym \u015bwiecie cyfrowych kompetencji oraz prze\u0142amaniu l\u0119ku zwi\u0105zanego z innowacyjnymi technologiami.<\/p>\n<p><strong>Wi\u0119cej na temat Festiwalu na stronie organizatora: <a href=\"https:\/\/digitalfestival.pl\/\">https:\/\/digitalfestival.pl\/<\/a>.<\/strong><\/p>\n","protected":false},"excerpt":{"rendered":"<p>Click \u2013 tyle wystarczy, aby uruchomi\u0107 robota. Przekonaj\u0105 si\u0119 o tym uczestnicy warsztat\u00f3w programistycznych, na kt\u00f3re zapraszamy w ramach Nocy Innowacji i Digital Festival.<\/p>\n","protected":false},"author":2,"featured_media":9385,"comment_status":"closed","ping_status":"closed","sticky":false,"template":"","format":"standard","meta":{"_links_to":"","_links_to_target":""},"categories":[8,9],"tags":[],"_links":{"self":[{"href":"https:\/\/ecn.kielce.pl\/index.php\/wp-json\/wp\/v2\/posts\/9384"}],"collection":[{"href":"https:\/\/ecn.kielce.pl\/index.php\/wp-json\/wp\/v2\/posts"}],"about":[{"href":"https:\/\/ecn.kielce.pl\/index.php\/wp-json\/wp\/v2\/types\/post"}],"author":[{"embeddable":true,"href":"https:\/\/ecn.kielce.pl\/index.php\/wp-json\/wp\/v2\/users\/2"}],"replies":[{"embeddable":true,"href":"https:\/\/ecn.kielce.pl\/index.php\/wp-json\/wp\/v2\/comments?post=9384"}],"version-history":[{"count":2,"href":"https:\/\/ecn.kielce.pl\/index.php\/wp-json\/wp\/v2\/posts\/9384\/revisions"}],"predecessor-version":[{"id":9387,"href":"https:\/\/ecn.kielce.pl\/index.php\/wp-json\/wp\/v2\/posts\/9384\/revisions\/9387"}],"wp:featuredmedia":[{"embeddable":true,"href":"https:\/\/ecn.kielce.pl\/index.php\/wp-json\/wp\/v2\/media\/9385"}],"wp:attachment":[{"href":"https:\/\/ecn.kielce.pl\/index.php\/wp-json\/wp\/v2\/media?parent=9384"}],"wp:term":[{"taxonomy":"category","embeddable":true,"href":"https:\/\/ecn.kielce.pl\/index.php\/wp-json\/wp\/v2\/categories?post=9384"},{"taxonomy":"post_tag","embeddable":true,"href":"https:\/\/ecn.kielce.pl\/index.php\/wp-json\/wp\/v2\/tags?post=9384"}],"curies":[{"name":"wp","href":"https:\/\/api.w.org\/{rel}","templated":true}]}}