{"id":9313,"date":"2022-08-31T08:56:00","date_gmt":"2022-08-31T06:56:00","guid":{"rendered":"http:\/\/ecn.kielce.pl\/?p=9313"},"modified":"2022-11-25T10:36:12","modified_gmt":"2022-11-25T09:36:12","slug":"nowy-rok-szkolny-w-ecn-2022-2023","status":"publish","type":"post","link":"https:\/\/ecn.kielce.pl\/index.php\/pl\/2022\/08\/31\/nowy-rok-szkolny-w-ecn-2022-2023\/","title":{"rendered":"Warsztaty na nowy rok szkolny w ECN"},"content":{"rendered":"\n<h2><strong>Rok szkolny 2022\/2023 w Energetycznym Centrum Nauki KPT to nowe tematy warsztat\u00f3w, ale tak\u017ce zaj\u0119cia, kt\u00f3re pokochali uczniowie oraz nauczyciele. Co przygotowali\u015bmy? Zapraszamy do zapoznania si\u0119 ze szczeg\u00f3\u0142ami.<\/strong><\/h2>\n<p><!--more--><\/p>\n<hr \/>\n<p>Nasza propozycja to warsztaty dla przedszkoli oraz szk\u00f3\u0142 podstawowych, a tak\u017ce zwiedzanie interaktywnej wystawy \u201eEnergia\u201d.<\/p>\n<p>Najm\u0142odsi oraz uczniowie klas 1-3 b\u0119d\u0105 mogli wcieli\u0107 si\u0119 w prawdziwych naukowc\u00f3w i przeprowadza\u0107 \u201ewybuchowe\u201d eksperymenty podczas warsztat\u00f3w <strong>\u201eLaboratorium m\u0142odego chemika\u201d<\/strong>.<\/p>\n<p>Dla uczni\u00f3w szk\u00f3\u0142 podstawowych, tych m\u0142odszych oraz starszych, przygotowali\u015bmy wiele innych warsztat\u00f3w, dost\u0119pnych dla okre\u015blonej grupy wiekowej. I tak, w trakcie zaj\u0119\u0107 <strong>\u201eCi\u015bnienie a r\u00f3wnowaga w przyrodzie\u201d<\/strong>, uczniowie poznaj\u0105 Prawo Bernoulliego i dowiedz\u0105 si\u0119, co \u0142\u0105czy ze sob\u0105 \u017cagl\u00f3wki, wod\u0119 w rurach i samoloty.<\/p>\n<p><strong>\u201eOptyka z przymru\u017ceniem oka\u201d<\/strong> mn\u00f3stwo do\u015bwiadcze\u0144 dotycz\u0105cych iluzji optycznych.<\/p>\n<p>Nie zabraknie r\u00f3wnie\u017c eksperyment\u00f3w w ciemno\u015bci, a to za spraw\u0105 warsztat\u00f3w <strong>\u201e\u015awiec\u0105ce w ciemno\u015bci \u2013 luminescencja\u201d<\/strong>.<\/p>\n<p>W ramach obchodzonego <a href=\"https:\/\/wolfke.fizyka.pw.edu.pl\/\">Roku Mieczys\u0142awa Wolfkego<\/a> przypomnimy r\u00f3wnie\u017c sylwetk\u0119 Mieczys\u0142awa Wolfkego \u2013 polskiego fizyka, a uczniowie samodzielnie wykonaj\u0105 hologram z materia\u0142\u00f3w, kt\u00f3re ka\u017cdy z nas ma w szufladzie swojego biurka (<strong>\u201eHologram \u2013 kreatywna przestrze\u0144\u201d<\/strong>).\u00a0 <img loading=\"lazy\" class=\"https:\/\/wolfke.fizyka.pw.edu.pl\/ alignnone wp-image-9557\" src=\"http:\/\/ecn.kielce.pl\/wp-content\/uploads\/2022\/11\/RokWolfkego_duzy-300x132.png\" alt=\"\" width=\"166\" height=\"73\" srcset=\"https:\/\/ecn.kielce.pl\/wp-content\/uploads\/2022\/11\/RokWolfkego_duzy-300x132.png 300w, https:\/\/ecn.kielce.pl\/wp-content\/uploads\/2022\/11\/RokWolfkego_duzy-1024x452.png 1024w, https:\/\/ecn.kielce.pl\/wp-content\/uploads\/2022\/11\/RokWolfkego_duzy-768x339.png 768w, https:\/\/ecn.kielce.pl\/wp-content\/uploads\/2022\/11\/RokWolfkego_duzy.png 1050w\" sizes=\"(max-width: 166px) 100vw, 166px\" \/><\/p>\n<p>Jednym klikni\u0119ciem na tablecie mi\u0142o\u015bnicy programowania zaprogramuj\u0105 robota Photona i pomog\u0105 mu porusza\u0107 si\u0119 w okre\u015blonych kierunkach, rozpoznawa\u0107 kolory czy wydawa\u0107 d\u017awi\u0119ki (<strong>\u201eJednym klikni\u0119ciem\u2026 \u2013 Photony\u201d<\/strong>).<\/p>\n<p>Zaj\u0119cia <strong>\u201eInteligentna wsp\u00f3\u0142praca, czyli jak dzia\u0142aj\u0105 mi\u0119\u015bnie\u201d<\/strong> opowiedz\u0105 o prawdziwie pot\u0119\u017cnym laboratorium, czyli cia\u0142u cz\u0142owieka. Uczniowie dowiedz\u0105 si\u0119, jak istotn\u0105 rol\u0119 w funkcjonowaniu organizmu odgrywaj\u0105 mi\u0119\u015bnie, ile ich jest, jak dzia\u0142aj\u0105, co lubi\u0105 i czy warto o nie dba\u0107.<\/p>\n<p>W trakcie <strong>\u201eLot do celu\u201d<\/strong> uczestnicy przekonaj\u0105 si\u0119, co sprawia, \u017ce samolot lata nie machaj\u0105c skrzyd\u0142ami, a tak\u017ce co wsp\u00f3lnego z lotnictwem ma kilkucentymetrowa wa\u017cka i niepozorny dmuchawiec.<\/p>\n<p>Sezonowo sprawdzimy tak\u017ce o czym szumi\u0105 drzewa w mie\u015bcie, dlaczego nazywamy je \u201ezielonymi p\u0142ucami miast\u201d i dlaczego w naturalnym \u015brodowisku \u017cyj\u0105 d\u0142u\u017cej (<strong>\u201eZielony parasol \u2013 o czym szumi\u0105 drzewa w mie\u015bcie?\u201d<\/strong>).<\/p>\n<hr \/>\n<p>Pe\u0142na oferta znajduje si\u0119 w zak\u0142adce <a href=\"https:\/\/ecn.kielce.pl\/index.php\/pl\/oferta\/grupy\/\"><strong>OFERTA \u2013 KLIKNIJ.<\/strong><\/a><\/p>\n","protected":false},"excerpt":{"rendered":"<p>Rok szkolny 2022\/2023 w Energetycznym Centrum Nauki KPT to nowe tematy warsztat\u00f3w, ale tak\u017ce zaj\u0119cia, kt\u00f3re pokochali uczniowie oraz nauczyciele. Co przygotowali\u015bmy? Zapraszamy do zapoznania si\u0119 ze szczeg\u00f3\u0142ami.<\/p>\n","protected":false},"author":2,"featured_media":9322,"comment_status":"closed","ping_status":"closed","sticky":false,"template":"","format":"standard","meta":{"_links_to":"","_links_to_target":""},"categories":[8,9],"tags":[173,171,1827,175,231,233,1825,199,179,571,978,894,896],"_links":{"self":[{"href":"https:\/\/ecn.kielce.pl\/index.php\/wp-json\/wp\/v2\/posts\/9313"}],"collection":[{"href":"https:\/\/ecn.kielce.pl\/index.php\/wp-json\/wp\/v2\/posts"}],"about":[{"href":"https:\/\/ecn.kielce.pl\/index.php\/wp-json\/wp\/v2\/types\/post"}],"author":[{"embeddable":true,"href":"https:\/\/ecn.kielce.pl\/index.php\/wp-json\/wp\/v2\/users\/2"}],"replies":[{"embeddable":true,"href":"https:\/\/ecn.kielce.pl\/index.php\/wp-json\/wp\/v2\/comments?post=9313"}],"version-history":[{"count":6,"href":"https:\/\/ecn.kielce.pl\/index.php\/wp-json\/wp\/v2\/posts\/9313\/revisions"}],"predecessor-version":[{"id":9558,"href":"https:\/\/ecn.kielce.pl\/index.php\/wp-json\/wp\/v2\/posts\/9313\/revisions\/9558"}],"wp:featuredmedia":[{"embeddable":true,"href":"https:\/\/ecn.kielce.pl\/index.php\/wp-json\/wp\/v2\/media\/9322"}],"wp:attachment":[{"href":"https:\/\/ecn.kielce.pl\/index.php\/wp-json\/wp\/v2\/media?parent=9313"}],"wp:term":[{"taxonomy":"category","embeddable":true,"href":"https:\/\/ecn.kielce.pl\/index.php\/wp-json\/wp\/v2\/categories?post=9313"},{"taxonomy":"post_tag","embeddable":true,"href":"https:\/\/ecn.kielce.pl\/index.php\/wp-json\/wp\/v2\/tags?post=9313"}],"curies":[{"name":"wp","href":"https:\/\/api.w.org\/{rel}","templated":true}]}}