{"id":6550,"date":"2020-06-29T15:38:00","date_gmt":"2020-06-29T13:38:00","guid":{"rendered":"http:\/\/ecn.kielce.pl\/?p=6550"},"modified":"2020-06-29T15:38:02","modified_gmt":"2020-06-29T13:38:02","slug":"zmiana-godzin-zwiedzania-ecn","status":"publish","type":"post","link":"https:\/\/ecn.kielce.pl\/index.php\/pl\/2020\/06\/29\/zmiana-godzin-zwiedzania-ecn\/","title":{"rendered":"Zmiana godzin zwiedzania ECN"},"content":{"rendered":"\n<h4><strong>Uprzejmie informujemy, \u017ce od 1 lipca zmieniaj\u0105 si\u0119 godziny zwiedzania ECN. <\/strong><\/h4>\n\n\n\n<!--more-->\n\n\n\n<hr class=\"wp-block-separator\"\/>\n\n\n\n<p>Od wtorku do pi\u0105tku Energetyczne Centrum Nauki KPT b\u0119dzie czynne od 8 do 16, a w soboty od 9 do 17.<\/p>\n\n\n\n<p>Wakacyjne godziny zwiedzania b\u0119d\u0105 wygl\u0105da\u0142y nast\u0119puj\u0105co:<\/p>\n\n\n\n<p><strong>wtorek-pi\u0105tek<\/strong><\/p>\n\n\n\n<p>9:00-10:30 &#8211; wystawa <\/p>\n\n\n\n<p>11:00-11:45 &#8211; wystawa\/warsztaty<\/p>\n\n\n\n<p>12:00-12:45 &#8211; wystawa\/warsztaty  <\/p>\n\n\n\n<p>13:00-13:45 &#8211; wystawa <\/p>\n\n\n\n<p>14:00-15:30 &#8211; wystawa <\/p>\n\n\n\n<p><strong>sobota<\/strong><\/p>\n\n\n\n<p>10:00-11:30 &#8211; wystawa<\/p>\n\n\n\n<p>12:00-12:45 &#8211; wystawa  <\/p>\n\n\n\n<p>13:00-13:45 &#8211; wystawa\/warsztaty<\/p>\n\n\n\n<p>14:00-14:45 &#8211; wystawa <\/p>\n\n\n\n<p>15:00-16:30 &#8211; wystawa <\/p>\n\n\n\n<p><\/p>\n","protected":false},"excerpt":{"rendered":"<p>Uprzejmie informujemy, \u017ce od 1 lipca zmieniaj\u0105 si\u0119 godziny zwiedzania ECN.<\/p>\n","protected":false},"author":2,"featured_media":6552,"comment_status":"closed","ping_status":"closed","sticky":false,"template":"","format":"standard","meta":{"_links_to":"","_links_to_target":""},"categories":[8,9],"tags":[],"_links":{"self":[{"href":"https:\/\/ecn.kielce.pl\/index.php\/wp-json\/wp\/v2\/posts\/6550"}],"collection":[{"href":"https:\/\/ecn.kielce.pl\/index.php\/wp-json\/wp\/v2\/posts"}],"about":[{"href":"https:\/\/ecn.kielce.pl\/index.php\/wp-json\/wp\/v2\/types\/post"}],"author":[{"embeddable":true,"href":"https:\/\/ecn.kielce.pl\/index.php\/wp-json\/wp\/v2\/users\/2"}],"replies":[{"embeddable":true,"href":"https:\/\/ecn.kielce.pl\/index.php\/wp-json\/wp\/v2\/comments?post=6550"}],"version-history":[{"count":1,"href":"https:\/\/ecn.kielce.pl\/index.php\/wp-json\/wp\/v2\/posts\/6550\/revisions"}],"predecessor-version":[{"id":6551,"href":"https:\/\/ecn.kielce.pl\/index.php\/wp-json\/wp\/v2\/posts\/6550\/revisions\/6551"}],"wp:featuredmedia":[{"embeddable":true,"href":"https:\/\/ecn.kielce.pl\/index.php\/wp-json\/wp\/v2\/media\/6552"}],"wp:attachment":[{"href":"https:\/\/ecn.kielce.pl\/index.php\/wp-json\/wp\/v2\/media?parent=6550"}],"wp:term":[{"taxonomy":"category","embeddable":true,"href":"https:\/\/ecn.kielce.pl\/index.php\/wp-json\/wp\/v2\/categories?post=6550"},{"taxonomy":"post_tag","embeddable":true,"href":"https:\/\/ecn.kielce.pl\/index.php\/wp-json\/wp\/v2\/tags?post=6550"}],"curies":[{"name":"wp","href":"https:\/\/api.w.org\/{rel}","templated":true}]}}