{"id":6324,"date":"2020-06-02T12:20:20","date_gmt":"2020-06-02T10:20:20","guid":{"rendered":"http:\/\/ecn.kielce.pl\/?p=6324"},"modified":"2020-06-05T09:18:48","modified_gmt":"2020-06-05T07:18:48","slug":"ecn-dolaczylo-do-akcji-kielceisready","status":"publish","type":"post","link":"https:\/\/ecn.kielce.pl\/index.php\/pl\/2020\/06\/02\/ecn-dolaczylo-do-akcji-kielceisready\/","title":{"rendered":"ECN do\u0142\u0105czy\u0142o do akcji #KielceIsReady"},"content":{"rendered":"\n<h4><strong>W d\u0142ugi weekend 12 oraz 13 czerwca Energetyczne Centrum Nauki KPT b\u0119dzie mo\u017cna zwiedza\u0107 z 10% zni\u017ck\u0105.<\/strong><\/h4>\n\n\n\n<!--more-->\n\n\n\n<hr class=\"wp-block-separator\"\/>\n\n\n\n<p>#KielceIsReady #\u015awi\u0119tokrzyskieIsReady\nto weekend pozytywnych emocji, kt\u00f3ry przypada na okres 11-14 czerwca. Wydarzenie\njest organizowane przez Urz\u0105d Miasta Kielce we wsp\u00f3\u0142pracy z Urz\u0119dem\nMarsza\u0142kowskim Wojew\u00f3dztwa \u015awi\u0119tokrzyskiego. Inicjatywa ma na celu promowanie\nwalor\u00f3w turystycznych Kielc, kt\u00f3re ze wzgl\u0119du na po\u0142o\u017cenie w sercu G\u00f3r\n\u015awi\u0119tokrzyskich s\u0105 wyj\u0105tkowym miejscem do aktywnego wypoczynku. Szlaki\nrowerowe, piesze, muzea, instytucje kulturalne stanowi\u0105 bogat\u0105 ofert\u0119 dla\nodwiedzaj\u0105cych, kt\u00f3rzy w atrakcyjny spos\u00f3b mog\u0105 sp\u0119dzi\u0107 czas wolny.<\/p>\n\n\n\n<p>Energetyczne Centrum Nauki\nKieleckiego Parku Technologicznego jest jednym z partner\u00f3w akcji. Ju\u017c w pi\u0105tek\noraz sobot\u0119 wystaw\u0119 ECN b\u0119dzie mo\u017cna zwiedzi\u0107 w nast\u0119puj\u0105cych porach:<\/p>\n\n\n\n<p>\u2013 <strong>12 czerwca<\/strong>: godz. 12.00, 14.00 i 17.00 (90 minut)<\/p>\n\n\n\n<p>\u2013 <strong>13 czerwca<\/strong>: godz. 10:00, 13.00 i 15.30 (90 minut). <\/p>\n\n\n\n<p>Bilety indywidualne do Centrum b\u0119dzie mo\u017cna zakupi\u0107 z <strong>10% zni\u017ck\u0105<\/strong> przez stron\u0119 <strong>www.bilety.ecn.kielce.pl<\/strong> lub dokona\u0107 rezerwacji telefonicznej pod nr <strong>41 278 72 50<\/strong> oraz zakupi\u0107 wej\u015bci\u00f3wki w kasie Centrum. Rekomendujemy p\u0142atno\u015bci bezgot\u00f3wkowe. <\/p>\n\n\n\n<p>Przypominamy, \u017ce maksymalna liczba zwiedzaj\u0105cych, jaka mo\u017ce przebywa\u0107 na wystawie to <strong>20 os\u00f3b<\/strong>.  <\/p>\n\n\n\n<p><strong>Przed wizyt\u0105 prosimy o zapoznanie si\u0119 z procedur\u0105 dost\u0119pn\u0105 na stronie:<\/strong> <a href=\"http:\/\/ecn.kielce.pl\/index.php\/pl\/zaplanuj-wizyte\/procedura-oraz-oswiadczenie-covid-19\/\">http:\/\/ecn.kielce.pl\/index.php\/pl\/zaplanuj-wizyte\/procedura-oraz-oswiadczenie-covid-19\/<\/a>. <\/p>\n","protected":false},"excerpt":{"rendered":"<p>W d\u0142ugi weekend 12 oraz 13 czerwca Energetyczne Centrum Nauki KPT b\u0119dzie mo\u017cna zwiedza\u0107 z 10% zni\u017ck\u0105.<\/p>\n","protected":false},"author":2,"featured_media":6336,"comment_status":"closed","ping_status":"closed","sticky":false,"template":"","format":"standard","meta":{"_links_to":"","_links_to_target":""},"categories":[8,9],"tags":[191,1516,173,1520,311,171,175,1518,231,195,1522],"_links":{"self":[{"href":"https:\/\/ecn.kielce.pl\/index.php\/wp-json\/wp\/v2\/posts\/6324"}],"collection":[{"href":"https:\/\/ecn.kielce.pl\/index.php\/wp-json\/wp\/v2\/posts"}],"about":[{"href":"https:\/\/ecn.kielce.pl\/index.php\/wp-json\/wp\/v2\/types\/post"}],"author":[{"embeddable":true,"href":"https:\/\/ecn.kielce.pl\/index.php\/wp-json\/wp\/v2\/users\/2"}],"replies":[{"embeddable":true,"href":"https:\/\/ecn.kielce.pl\/index.php\/wp-json\/wp\/v2\/comments?post=6324"}],"version-history":[{"count":4,"href":"https:\/\/ecn.kielce.pl\/index.php\/wp-json\/wp\/v2\/posts\/6324\/revisions"}],"predecessor-version":[{"id":6378,"href":"https:\/\/ecn.kielce.pl\/index.php\/wp-json\/wp\/v2\/posts\/6324\/revisions\/6378"}],"wp:featuredmedia":[{"embeddable":true,"href":"https:\/\/ecn.kielce.pl\/index.php\/wp-json\/wp\/v2\/media\/6336"}],"wp:attachment":[{"href":"https:\/\/ecn.kielce.pl\/index.php\/wp-json\/wp\/v2\/media?parent=6324"}],"wp:term":[{"taxonomy":"category","embeddable":true,"href":"https:\/\/ecn.kielce.pl\/index.php\/wp-json\/wp\/v2\/categories?post=6324"},{"taxonomy":"post_tag","embeddable":true,"href":"https:\/\/ecn.kielce.pl\/index.php\/wp-json\/wp\/v2\/tags?post=6324"}],"curies":[{"name":"wp","href":"https:\/\/api.w.org\/{rel}","templated":true}]}}