{"id":6083,"date":"2020-04-24T18:00:09","date_gmt":"2020-04-24T16:00:09","guid":{"rendered":"http:\/\/ecn.kielce.pl\/?p=6083"},"modified":"2020-04-30T17:31:22","modified_gmt":"2020-04-30T15:31:22","slug":"piatki-z-dobra-energia-domowy-look-czyli-wygodnie-i-stylowe-w-czterech-katach","status":"publish","type":"post","link":"https:\/\/ecn.kielce.pl\/index.php\/pl\/2020\/04\/24\/piatki-z-dobra-energia-domowy-look-czyli-wygodnie-i-stylowe-w-czterech-katach\/","title":{"rendered":"Pi\u0105tki z dobr\u0105 energi\u0105: Domowy look, czyli wygodnie i stylowo w \u201eczterech k\u0105tach\u201d"},"content":{"rendered":"\n<h4><strong>W co si\u0119 ubra\u0107, gdy siedzimy w domu czy te\u017c pracujemy zdalnie? Czy rozci\u0105gni\u0119ta bluza i rozchodzone spodnie to dobry wyb\u00f3r? <\/strong><\/h4>\n\n\n\n<!--more-->\n\n\n\n<hr class=\"wp-block-separator\"\/>\n\n\n\n<p>Jak zadba\u0107 o domowy look w ramach cyklu online <strong>\u201ePi\u0105tki z dobr\u0105 energi\u0105\u201d<\/strong> podpowiada <strong>Monika Grzegorczyk<\/strong>, kreator wizerunku, specjalistka od metamorfozy wizerunku, stylistka i personal shopper, re\u017cyser pokaz\u00f3w mody.<\/p>\n\n\n\n<blockquote class=\"wp-block-quote\"><p>Pandemia przeorganizowa\u0142a nasze \u017cycie prywatne i zawodowe. Akcja #zosta\u0144wdomu dla jednych oznacza dodatkowy czas sp\u0119dzony z rodzin\u0105 w domu, a dla innych zamian\u0119 biura na home-office. I tu pojawia si\u0119 pu\u0142apka, w kt\u00f3r\u0105 wi\u0119kszo\u015b\u0107 z nas wpada. W domu przestajemy dba\u0107 o sw\u00f3j wygl\u0105d, to jakie ubrania mamy na sobie nie jest dla nas wa\u017cne. Wystarczy rozci\u0105gni\u0119ty dres, bo przecie\u017c nikt nas nie widzi. Ale czy my na pewno dobrze czujemy si\u0119 w nieatrakcyjnych ubraniach? Nie zapominajmy, \u017ce ubranie ma du\u017cy wp\u0142yw na nasze samopoczucie.<\/p><\/blockquote>\n\n\n\n<blockquote class=\"wp-block-quote\"><p>Ubrania do noszenia w domu musz\u0105 by\u0107 <strong>wygodne <\/strong>to priorytet. Ubierzmy si\u0119 wygodnie, ale nie w rzeczy, kt\u00f3re kojarz\u0105 si\u0119 z leniwym weekendem, bo je\u015bli mamy tego dnia zaplanowane zadania do wykonania to trudno b\u0119dzie si\u0119 zmobilizowa\u0107. <\/p><\/blockquote>\n\n\n\n<blockquote class=\"wp-block-quote\"><p>Wybierajmy <strong>proste stylizacje<\/strong>. Wygodne d\u017cinsy i T-shirt to klasyk, kt\u00f3ry nas nie zawiedzie. Letnia sukienka w kwiaty, kt\u00f3r\u0105 kochamy za wygod\u0119 i luz. Niekr\u0119puj\u0105cy ruch\u00f3w bawe\u0142niany kombinezon lub lu\u017ane spodnie i casualowa koszula \u2013 zestaw, w kt\u00f3rym zawsze czujemy si\u0119 stylowo. Niech to b\u0119dzie co\u015b w czym wygl\u0105damy na tyle dobrze, by w razie nag\u0142ego po\u0142\u0105czenia video ze wsp\u00f3\u0142pracownikami nie spanikowa\u0107.<\/p><\/blockquote>\n\n\n\n<blockquote class=\"wp-block-quote\"><p>Zadbajmy o <strong>stylowe dodatki<\/strong>. To detale sprawiaj\u0105, \u017ce zwyk\u0142e ubrania wygl\u0105daj\u0105 zupe\u0142nie inaczej. Do dresu za\u0142\u00f3\u017c bi\u017cuteri\u0119, a kapcie zamie\u0144 na baleriny, kt\u00f3re s\u0105 r\u00f3wnie wygodne. Od razu lepiej!<\/p><\/blockquote>\n\n\n\n<blockquote class=\"wp-block-quote\"><p>Noszenie <strong>kolorowych ubra\u0144<\/strong> mo\u017ce poprawi\u0107 nam humor. Czy kolorowe ciuchy sprawi\u0105, \u017ce poczujemy si\u0119 szcz\u0119\u015bliwsi? \u2013 ja w to wierz\u0119. Noszenie kolorowych stylizacji mo\u017ce mie\u0107 pozytywny wp\u0142yw na nasz nastr\u00f3j, emocje, samopoczucie.<\/p><\/blockquote>\n\n\n\n<blockquote class=\"wp-block-quote\"><p>To dobry czas, \u017ceby mod\u0119 potraktowa\u0107 z przymru\u017ceniem oka i skorzysta\u0107 z tego, \u017ce nie obowi\u0105zuje biurowy dress code. Tylko po co si\u0119 stroi\u0107, skoro nigdzie nie mo\u017cna pokaza\u0107 si\u0119 w sza\u0142owej stylizacji? Dla rozrywki, poprawienia sobie nastroju! Mo\u017ce odkryjemy nowe po\u0142\u0105czenia naszych ubra\u0144, zmodyfikujemy sw\u00f3j styl lub zrobimy porz\u0105dek w szafie, na kt\u00f3ry zawsze brakowa\u0142o nam czasu.<\/p><\/blockquote>\n\n\n\n<p><br><\/p>\n\n\n\n<p><strong>Monika Grzegorczyk<\/strong>&nbsp;jest kreatorem wizerunku, specjalistk\u0105\nod metamorfozy wizerunku, stylistk\u0105 i personal shopper oraz re\u017cyserem pokaz\u00f3w\nmody. Publikacje jej stylizacji ukaza\u0142y si\u0119 w wielu magazynach m. in. w\u0142oskiej\nedycji Vouge, London Runway, Solis Magazine. Wsp\u00f3\u0142pracuje z projektantami,\nprofesjonalnymi fotografami, modelkami, wiza\u017cystkami oraz fryzjerami przy\nsesjach zdj\u0119ciowych edytoriali, lookbook itp. &nbsp;Jej celem jest kreowanie mody na dobry styl i\nelegancj\u0119 wynikaj\u0105c\u0105 z naturalnej potrzeby charakteru, podkre\u015blanie osobowo\u015bci\ni indywidualno\u015bci w doborze garderoby. <\/p>\n","protected":false},"excerpt":{"rendered":"<p>W co si\u0119 ubra\u0107, gdy siedzimy w domu czy te\u017c pracujemy zdalnie? Czy rozci\u0105gni\u0119ta bluza i rozchodzone spodnie to dobry wyb\u00f3r?<\/p>\n","protected":false},"author":2,"featured_media":6084,"comment_status":"closed","ping_status":"closed","sticky":false,"template":"","format":"standard","meta":{"_links_to":"","_links_to_target":""},"categories":[1],"tags":[173,171,1474,175,231,233,1472,419,1480,1484,1466,1464,1468,425,1482,199,1446],"_links":{"self":[{"href":"https:\/\/ecn.kielce.pl\/index.php\/wp-json\/wp\/v2\/posts\/6083"}],"collection":[{"href":"https:\/\/ecn.kielce.pl\/index.php\/wp-json\/wp\/v2\/posts"}],"about":[{"href":"https:\/\/ecn.kielce.pl\/index.php\/wp-json\/wp\/v2\/types\/post"}],"author":[{"embeddable":true,"href":"https:\/\/ecn.kielce.pl\/index.php\/wp-json\/wp\/v2\/users\/2"}],"replies":[{"embeddable":true,"href":"https:\/\/ecn.kielce.pl\/index.php\/wp-json\/wp\/v2\/comments?post=6083"}],"version-history":[{"count":9,"href":"https:\/\/ecn.kielce.pl\/index.php\/wp-json\/wp\/v2\/posts\/6083\/revisions"}],"predecessor-version":[{"id":6094,"href":"https:\/\/ecn.kielce.pl\/index.php\/wp-json\/wp\/v2\/posts\/6083\/revisions\/6094"}],"wp:featuredmedia":[{"embeddable":true,"href":"https:\/\/ecn.kielce.pl\/index.php\/wp-json\/wp\/v2\/media\/6084"}],"wp:attachment":[{"href":"https:\/\/ecn.kielce.pl\/index.php\/wp-json\/wp\/v2\/media?parent=6083"}],"wp:term":[{"taxonomy":"category","embeddable":true,"href":"https:\/\/ecn.kielce.pl\/index.php\/wp-json\/wp\/v2\/categories?post=6083"},{"taxonomy":"post_tag","embeddable":true,"href":"https:\/\/ecn.kielce.pl\/index.php\/wp-json\/wp\/v2\/tags?post=6083"}],"curies":[{"name":"wp","href":"https:\/\/api.w.org\/{rel}","templated":true}]}}