{"id":5883,"date":"2020-03-31T14:56:30","date_gmt":"2020-03-31T12:56:30","guid":{"rendered":"http:\/\/ecn.kielce.pl\/?p=5883"},"modified":"2020-04-06T09:37:31","modified_gmt":"2020-04-06T07:37:31","slug":"eksperymentuj-z-nami-12-skad-sie-wzial-piasek","status":"publish","type":"post","link":"https:\/\/ecn.kielce.pl\/index.php\/pl\/2020\/03\/31\/eksperymentuj-z-nami-12-skad-sie-wzial-piasek\/","title":{"rendered":"Eksperymentuj z nami #12: Sk\u0105d si\u0119 wzi\u0105\u0142 piasek?"},"content":{"rendered":"\n<h4><strong>Sk\u0105d si\u0119 wzi\u0105\u0142 piasek na pla\u017cy? Czy zawsze tam by\u0142?<\/strong><\/h4>\n\n\n\n<!--more-->\n\n\n\n<hr class=\"wp-block-separator\"\/>\n\n\n\n<p>Zamknijcie oczy i wyobra\u017acie sobie, \u017ce teraz le\u017cycie na\npi\u0119knej pla\u017cy, s\u0142uchacie szumu fal, a Wasze stopy zanurzaj\u0105 si\u0119 w ciep\u0142ym\npiasku, wieje przyjemny wiatr i jest bezchmurne niebo. <br>\nPytanie: sk\u0105d w\u0142a\u015bciwie na pla\u017cy znalaz\u0142 si\u0119 piasek? I czy zawsze tam by\u0142?<\/p>\n\n\n\n<p><strong>Odpowied\u017a i wyja\u015bnienie:<\/strong><\/p>\n\n\n\n<p>Piasek to po prostu drobno pokruszone ska\u0142y. Kiedy\u015b wszystkie pla\u017ce pokrywa\u0142a lita ska\u0142a. Przez tysi\u0105ce lat morskie fale uderza\u0142y o ska\u0142y i rozbija\u0142y kamienie na brzegu na male\u0144kie kawa\u0142eczki. <\/p>\n","protected":false},"excerpt":{"rendered":"<p>Sk\u0105d si\u0119 wzi\u0105\u0142 piasek na pla\u017cy? Czy zawsze tam by\u0142?<\/p>\n","protected":false},"author":2,"featured_media":5889,"comment_status":"closed","ping_status":"closed","sticky":false,"template":"","format":"standard","meta":{"_links_to":"","_links_to_target":""},"categories":[1],"tags":[173,1460,1444,383,171,175,231,233,199,1446],"_links":{"self":[{"href":"https:\/\/ecn.kielce.pl\/index.php\/wp-json\/wp\/v2\/posts\/5883"}],"collection":[{"href":"https:\/\/ecn.kielce.pl\/index.php\/wp-json\/wp\/v2\/posts"}],"about":[{"href":"https:\/\/ecn.kielce.pl\/index.php\/wp-json\/wp\/v2\/types\/post"}],"author":[{"embeddable":true,"href":"https:\/\/ecn.kielce.pl\/index.php\/wp-json\/wp\/v2\/users\/2"}],"replies":[{"embeddable":true,"href":"https:\/\/ecn.kielce.pl\/index.php\/wp-json\/wp\/v2\/comments?post=5883"}],"version-history":[{"count":2,"href":"https:\/\/ecn.kielce.pl\/index.php\/wp-json\/wp\/v2\/posts\/5883\/revisions"}],"predecessor-version":[{"id":5888,"href":"https:\/\/ecn.kielce.pl\/index.php\/wp-json\/wp\/v2\/posts\/5883\/revisions\/5888"}],"wp:featuredmedia":[{"embeddable":true,"href":"https:\/\/ecn.kielce.pl\/index.php\/wp-json\/wp\/v2\/media\/5889"}],"wp:attachment":[{"href":"https:\/\/ecn.kielce.pl\/index.php\/wp-json\/wp\/v2\/media?parent=5883"}],"wp:term":[{"taxonomy":"category","embeddable":true,"href":"https:\/\/ecn.kielce.pl\/index.php\/wp-json\/wp\/v2\/categories?post=5883"},{"taxonomy":"post_tag","embeddable":true,"href":"https:\/\/ecn.kielce.pl\/index.php\/wp-json\/wp\/v2\/tags?post=5883"}],"curies":[{"name":"wp","href":"https:\/\/api.w.org\/{rel}","templated":true}]}}