{"id":5564,"date":"2020-01-10T11:00:18","date_gmt":"2020-01-10T10:00:18","guid":{"rendered":"http:\/\/ecn.kielce.pl\/?p=5564"},"modified":"2020-01-13T11:08:30","modified_gmt":"2020-01-13T10:08:30","slug":"nauka-laczy-pokolenia-czyli-dzien-babci-i-dziadka","status":"publish","type":"post","link":"https:\/\/ecn.kielce.pl\/index.php\/pl\/2020\/01\/10\/nauka-laczy-pokolenia-czyli-dzien-babci-i-dziadka\/","title":{"rendered":"Nauka \u0142\u0105czy pokolenia, czyli Dzie\u0144 Babci i Dziadka"},"content":{"rendered":"\n<h4><strong>Energetyczne Centrum Nauki Kieleckiego Parku Technologicznego zaprasza na specjalne zaj\u0119cia z okazji Dnia Babci i Dziadka w sobot\u0119 18 stycznia. <\/strong><\/h4>\n\n\n\n<!--more-->\n\n\n\n<hr class=\"wp-block-separator\"\/>\n\n\n\n<p>Mi\u0119dzypokoleniowe warsztaty w ECN\nto wspania\u0142a okazja, aby sprawi\u0107 rado\u015b\u0107 naszym babciom i dziadkom, sp\u0119dzi\u0107 z\nnimi niezapomniane chwile i po\u0142\u0105czy\u0107 pokolenia. Podczas zaj\u0119\u0107 b\u0119dziemy\nprowadzi\u0107 obserwacje mikroskopowe. Pod okular we\u017amiemy cebul\u0119. Jej smak i\nzapach znamy wszyscy \u2013 jest ona nie tylko wa\u017cnym sk\u0142adnikiem w daniach wielu\nkuchni \u015bwiata, ale posiada tak\u017ce liczne w\u0142a\u015bciwo\u015bci lecznicze. A czy wiedzieli\u015bcie,\n\u017ce cebula jest znakomitym materia\u0142em badawczym? Zamie\u0144cie si\u0119 w prawdziwych\nbiolog\u00f3w, samodzielnie wykonajcie preparat mikroskopowy i bez wyciskania \u0142ez\ndowiedzcie si\u0119, jak powsta\u0142o powiedzenie \u201eubrany na cebulk\u0119\u201d. <\/p>\n\n\n\n<p>W ramach warsztat\u00f3w\nprzygotowali\u015bmy r\u00f3wnie\u017c wyj\u0105tkow\u0105 niespodziank\u0119, kt\u00f3r\u0105 wnukowie b\u0119d\u0105 mogli\nprzekaza\u0107 swoim ukochanym babciom i dziadkom.<\/p>\n\n\n\n<p>Na zaj\u0119cia zapraszamy o godz. 13:00 oraz 14:00. Koszt udzia\u0142u wynosi 8\nz\u0142\/os. Warsztaty trwaj\u0105 45 minut. Bilety mo\u017cna kupi\u0107 przez stron\u0119 internetow\u0105\nbilety.ecn.kielce.pl lub w kasach Centrum. Zaj\u0119cia kierowane s\u0105 do dzieci od 5\nroku \u017cycia razem z rodzicami\/opiekunami. Ka\u017cde dziecko poni\u017cej 13 roku \u017cycia\nmusi znajdowa\u0107 si\u0119 pod opiek\u0105 doros\u0142ego, kt\u00f3rego obowi\u0105zuje bilet wst\u0119pu.\nZach\u0119camy do wcze\u015bniejszej rezerwacji miejsc na <a href=\"mailto:rezerwacjeecn@technopark.kielce.pl\">rezerwacjeecn@technopark.kielce.pl<\/a>.<\/p>\n\n\n\n<p>Zapraszamy r\u00f3wnie\u017c do eksperymentowania na naszej wystawie. Tury\nrozpoczynamy o pe\u0142nych godzinach, pocz\u0105wszy od godz. 11:00, a ko\u0144cz\u0105c na godz.\n17:00. Ka\u017cda tura trwa 45 minut. Informacje na temat cen bilet\u00f3w s\u0105 dost\u0119pne na\nstronie: <a href=\"http:\/\/ecn.kielce.pl\/index.php\/pl\/zaplanuj-wizyte\/ceny-biletow\/\">http:\/\/ecn.kielce.pl\/index.php\/pl\/zaplanuj-wizyte\/ceny-biletow\/<\/a>.\n<\/p>\n","protected":false},"excerpt":{"rendered":"<p>Energetyczne Centrum Nauki Kieleckiego Parku Technologicznego zaprasza na specjalne zaj\u0119cia z okazji Dnia Babci i Dziadka w sobot\u0119 18 stycznia.<\/p>\n","protected":false},"author":2,"featured_media":5565,"comment_status":"closed","ping_status":"closed","sticky":false,"template":"","format":"standard","meta":{"_links_to":"","_links_to_target":""},"categories":[8,9],"tags":[1078,191,545,543,393,173,171,175,231,233,860,179,989,991,993],"_links":{"self":[{"href":"https:\/\/ecn.kielce.pl\/index.php\/wp-json\/wp\/v2\/posts\/5564"}],"collection":[{"href":"https:\/\/ecn.kielce.pl\/index.php\/wp-json\/wp\/v2\/posts"}],"about":[{"href":"https:\/\/ecn.kielce.pl\/index.php\/wp-json\/wp\/v2\/types\/post"}],"author":[{"embeddable":true,"href":"https:\/\/ecn.kielce.pl\/index.php\/wp-json\/wp\/v2\/users\/2"}],"replies":[{"embeddable":true,"href":"https:\/\/ecn.kielce.pl\/index.php\/wp-json\/wp\/v2\/comments?post=5564"}],"version-history":[{"count":1,"href":"https:\/\/ecn.kielce.pl\/index.php\/wp-json\/wp\/v2\/posts\/5564\/revisions"}],"predecessor-version":[{"id":5567,"href":"https:\/\/ecn.kielce.pl\/index.php\/wp-json\/wp\/v2\/posts\/5564\/revisions\/5567"}],"wp:featuredmedia":[{"embeddable":true,"href":"https:\/\/ecn.kielce.pl\/index.php\/wp-json\/wp\/v2\/media\/5565"}],"wp:attachment":[{"href":"https:\/\/ecn.kielce.pl\/index.php\/wp-json\/wp\/v2\/media?parent=5564"}],"wp:term":[{"taxonomy":"category","embeddable":true,"href":"https:\/\/ecn.kielce.pl\/index.php\/wp-json\/wp\/v2\/categories?post=5564"},{"taxonomy":"post_tag","embeddable":true,"href":"https:\/\/ecn.kielce.pl\/index.php\/wp-json\/wp\/v2\/tags?post=5564"}],"curies":[{"name":"wp","href":"https:\/\/api.w.org\/{rel}","templated":true}]}}