{"id":5224,"date":"2019-06-06T09:00:48","date_gmt":"2019-06-06T07:00:48","guid":{"rendered":"http:\/\/ecn.kielce.pl\/?p=5224"},"modified":"2019-06-06T09:03:34","modified_gmt":"2019-06-06T07:03:34","slug":"energetyczne-centrum-nauki-na-iii-kieleckich-dniach-energii","status":"publish","type":"post","link":"https:\/\/ecn.kielce.pl\/index.php\/pl\/2019\/06\/06\/energetyczne-centrum-nauki-na-iii-kieleckich-dniach-energii\/","title":{"rendered":"Energetyczne Centrum Nauki KPT na III Kieleckich Dniach Energii"},"content":{"rendered":"\n<h4><strong>W pi\u0105tek i sobot\u0119 7 oraz 8 czerwca po raz trzeci odb\u0119d\u0105 si\u0119 Kieleckie Dni Energii. <\/strong><\/h4>\n\n\n\n<!--more-->\n\n\n\n<hr class=\"wp-block-separator\"\/>\n\n\n\n<p>To coroczne wydarzenie\nedukacyjno-informacyjne kierowane do uczni\u00f3w szk\u00f3\u0142 podstawowych po\u015bwi\u0119cone jest\npoprawie efektywno\u015bci energetycznej oraz Odnawialnym \u0179r\u00f3d\u0142om Energii. Dla\nodwiedzaj\u0105cych przygotowano wiele atrakcji, m.in. kino hybrydowe zasilane\nenergi\u0105 wytworzon\u0105 przy u\u017cyciu mi\u0119\u015bni, solarn\u0105 pracowni\u0119 edukacji ekologicznej,\nwystaw\u0119 po\u015bwi\u0119con\u0105 problemowi zmian klimatycznych.<\/p>\n\n\n\n<p>Na wydarzeniu pojawi si\u0119 r\u00f3wnie\u017c\nnasze Centrum. Serdecznie zapraszamy na stoisko ECN, gdzie b\u0119dzie mo\u017cna\ndowiedzie\u0107 si\u0119 jak buduje si\u0119 obwody elektryczne i wykorzystaj\u0105 w tym celu\nrobota Photon\u2019a. Uczestnicy zbuduj\u0105 nietypowy obw\u00f3d, zasilany bateri\u0105 z owoc\u00f3w\ni warzyw, a tak\u017ce korzystaj\u0105c z w\u0142asnego potencja\u0142u, stworz\u0105 \u201e\u017cywy\u201d obw\u00f3d\nelektryczny, staj\u0105c si\u0119 \u201eprzewodnikami\u201d pr\u0105du. <\/p>\n\n\n\n<p>Pierwszy dzie\u0144 Kieleckich Dni\nEnergii, 7 czerwca, rozpocznie si\u0119 o godzinie 10.00 w Zespole Szk\u00f3\u0142\nElektrycznych w Kielcach. Do udzia\u0142u w wydarzeniu zapraszamy uczni\u00f3w w wieku od\n8 do 15 lat wraz z nauczycielami. Obowi\u0105zuje wcze\u015bniejsza rejestracja telefoniczna:\n41 36 76 662, 41 36 76&nbsp;466. Wej\u015bcia o godz. 10.00, 11.00, 12.00, 13.00 lub\n14.00.<\/p>\n\n\n\n<p>Wydarzenie zosta\u0142o obj\u0119te\npatronatem honorowym przez Ministerstwo Energii.<\/p>\n\n\n\n<p>8 czerwca zapraszamy na piknik ECN z okazji Dnia Dziecka \u2013 wi\u0119cej informacji <a href=\"http:\/\/ecn.kielce.pl\/index.php\/pl\/2019\/05\/24\/naukowa-karuzela-piknik-z-okazji-dnia-dziecka-w-energetycznym-centrum-nauki\/\">TUTAJ<\/a> oraz na Dziedziniec Muzeum Zabawek i Zabawy w godzinach 12:00-18:00, gdzie odb\u0119d\u0105 si\u0119 obchody 40-lecia Muzeum Zabawek i Zabawy oraz 10-lecia Fundacji &#8220;Dr Clown&#8221;. <\/p>\n\n\n\n<p>\u0179r\u00f3d\u0142o i wi\u0119cej informacji: <a href=\"http:\/\/www.um.kielce.pl\/biuro-prasowe\/aktualnosci\/art,20778,iii-kieleckie-dni-energii.html\">http:\/\/www.um.kielce.pl\/biuro-prasowe\/aktualnosci\/art,20778,iii-kieleckie-dni-energii.html<\/a><\/p>\n","protected":false},"excerpt":{"rendered":"<p>W pi\u0105tek i sobot\u0119 7 oraz 8 czerwca po raz trzeci odb\u0119d\u0105 si\u0119 Kieleckie Dni Energii.<\/p>\n","protected":false},"author":2,"featured_media":5225,"comment_status":"closed","ping_status":"closed","sticky":false,"template":"","format":"standard","meta":{"_links_to":"","_links_to_target":""},"categories":[8,9],"tags":[545,543,173,171,175,231,293,233,839,796,199,854],"_links":{"self":[{"href":"https:\/\/ecn.kielce.pl\/index.php\/wp-json\/wp\/v2\/posts\/5224"}],"collection":[{"href":"https:\/\/ecn.kielce.pl\/index.php\/wp-json\/wp\/v2\/posts"}],"about":[{"href":"https:\/\/ecn.kielce.pl\/index.php\/wp-json\/wp\/v2\/types\/post"}],"author":[{"embeddable":true,"href":"https:\/\/ecn.kielce.pl\/index.php\/wp-json\/wp\/v2\/users\/2"}],"replies":[{"embeddable":true,"href":"https:\/\/ecn.kielce.pl\/index.php\/wp-json\/wp\/v2\/comments?post=5224"}],"version-history":[{"count":2,"href":"https:\/\/ecn.kielce.pl\/index.php\/wp-json\/wp\/v2\/posts\/5224\/revisions"}],"predecessor-version":[{"id":5227,"href":"https:\/\/ecn.kielce.pl\/index.php\/wp-json\/wp\/v2\/posts\/5224\/revisions\/5227"}],"wp:featuredmedia":[{"embeddable":true,"href":"https:\/\/ecn.kielce.pl\/index.php\/wp-json\/wp\/v2\/media\/5225"}],"wp:attachment":[{"href":"https:\/\/ecn.kielce.pl\/index.php\/wp-json\/wp\/v2\/media?parent=5224"}],"wp:term":[{"taxonomy":"category","embeddable":true,"href":"https:\/\/ecn.kielce.pl\/index.php\/wp-json\/wp\/v2\/categories?post=5224"},{"taxonomy":"post_tag","embeddable":true,"href":"https:\/\/ecn.kielce.pl\/index.php\/wp-json\/wp\/v2\/tags?post=5224"}],"curies":[{"name":"wp","href":"https:\/\/api.w.org\/{rel}","templated":true}]}}