{"id":5119,"date":"2019-04-18T11:03:58","date_gmt":"2019-04-18T09:03:58","guid":{"rendered":"http:\/\/ecn.kielce.pl\/?p=5119"},"modified":"2019-04-24T09:07:27","modified_gmt":"2019-04-24T07:07:27","slug":"majowka-w-ecn","status":"publish","type":"post","link":"https:\/\/ecn.kielce.pl\/index.php\/pl\/2019\/04\/18\/majowka-w-ecn\/","title":{"rendered":"Maj\u00f3wka w ECN"},"content":{"rendered":"\n<h4><strong>Warsztaty popularnonaukowe, eksperymentowanie na wystawie \u201eEnergia\u201d oraz w plenerze, w Energetycznym Ogrodzie Do\u015bwiadcze\u0144. To atrakcje, kt\u00f3re czekaj\u0105 na go\u015bci odwiedzaj\u0105cych nasze Centrum podczas d\u0142ugiego weekendu majowego.<\/strong><\/h4>\n\n\n\n<!--more-->\n\n\n\n<hr class=\"wp-block-separator\"\/>\n\n\n\n<p><strong>ZWIEDZANIE WYSTAWY \u201eENERGIA\u201d<\/strong><\/p>\n\n\n\n<p>Jak powstaje paliwo do samochodu?\nSk\u0105d bierze si\u0119 ropa naftowa? U nas dowiesz si\u0119 tego ze szczeg\u00f3\u0142ami, <br>\na nawet zatankujesz prawdziwe auto.<\/p>\n\n\n\n<p>Dlaczego elektrownie wiatrowe tak\ncz\u0119sto buduje si\u0119 nad morzem? Przyjd\u017a i wygeneruj silny wiatr, aby wywo\u0142a\u0107\nsztorm \u2013 mewy b\u0119d\u0105 mie\u0107 problem.<\/p>\n\n\n\n<p>Ile energii potrzeba, \u017ceby\nza\u015bwieci\u0107 w domu jedn\u0105 \u017car\u00f3wk\u0119? Wygraj wy\u015bcig z pr\u0105dem\u2026<\/p>\n\n\n\n<p>Odpowiedzi na te i inne pytania\nznajdziesz na naszej interaktywnej wystawie.<\/p>\n\n\n\n<p>Do zwiedzania zapraszamy:<\/p>\n\n\n\n<p><strong>01-03.05.2019: g. 09:00, 10:00, 11:00, 12:00, 13:00, 14:00, 15:00<\/strong><\/p>\n\n\n\n<p><strong>04.05.2019: g. 11:00, 12:00, 13:00, 14:00, 15:00, 16:00, 17:00<\/strong><\/p>\n\n\n\n<hr class=\"wp-block-separator\"\/>\n\n\n\n<p><strong>WARSZTATY POPULARNONAUKOWE<\/strong><\/p>\n\n\n\n<p><strong>01.05.2019<\/strong><\/p>\n\n\n\n<p><strong>12:00 &#8211; Mamo, tato, a dlaczego nie wolno dotyka\u0107 motyli?<\/strong><\/p>\n\n\n\n<p>&#8211; Tatusiu, a co tak pi\u0119knie kwitnie?\n&#8211; dopytuje zachwycona majowym spacerem Zuzia.<\/p>\n\n\n\n<p>&#8211; To magnolia c\u00f3reczko.<\/p>\n\n\n\n<p>&#8211; A co tak pachnie? \u2013 &nbsp;kontynuuje dziewczynka.<\/p>\n\n\n\n<p>&#8211; To ja\u015bmin \u2013 cierpliwie\nodpowiada tata.<\/p>\n\n\n\n<p>&#8211; Jak ja lubi\u0119 wiosn\u0119! \u2013 wykrzykuje\nZuzia i biegnie w kierunku kwitn\u0105cych kwiat\u00f3w &#8211; Tato, chod\u017a szybko, tu jest\nmotylek! Pomo\u017cesz mi go z\u0142apa\u0107?<\/p>\n\n\n\n<p>&#8211; Nie c\u00f3reczko, nie wolno dotyka\u0107\nmotyli.<\/p>\n\n\n\n<p>&#8211; Ale dlaczego?<\/p>\n\n\n\n<p>Wiosna to czas, gdy przyroda\nbudzi si\u0119 do \u017cycia. W\u0142a\u015bnie wtedy mo\u017cemy podziwia\u0107 jedne <br>\nz&nbsp; najbarwniejszych stworze\u0144 na Ziemi \u2013\nmotyle. Ich pi\u0119kno fascynuje ludzi ju\u017c od czas\u00f3w staro\u017cytnych, gdy motyle\nuchodzi\u0142y za symbol wdzi\u0119ku i ulotno\u015bci. Pierwsze badania naukowe nad nimi\nrozpocz\u0119\u0142y si\u0119 w XVII wieku. Jak wygl\u0105da cykl \u017cyciowy motyla? Ile gatunk\u00f3w\nnajpopularniejszych polskich motyli potrafisz nazwa\u0107? Sk\u0105d bior\u0105 si\u0119 pi\u0119kne\nkolory ich skrzyde\u0142 i czemu s\u0142u\u017c\u0105? Poczuj si\u0119 jak lepidopterolog i razem <br>\nz nami zg\u0142\u0119biaj tajemnice motyli.<\/p>\n\n\n\n<p><strong>13:00 &#8211; Warsztat m\u0142odego odkrywcy. Poczuj mi\u0119t\u0119<\/strong><\/p>\n\n\n\n<p>Zapachy s\u0105 bardzo wa\u017cne w \u017cyciu\ncz\u0142owieka. Si\u0119gamy po nie, gdy chcemy sprawi\u0107 rado\u015b\u0107 bliskiej osobie wyj\u0105tkowym\nprezentem, jak i dla poprawy w\u0142asnego nastroju. I cho\u0107 mog\u0142oby si\u0119 wydawa\u0107, \u017ce\nperfumy s\u0105 luksusowym symbolem obecnych czas\u00f3w to mia\u0142y sw\u00f3j pocz\u0105tek ju\u017c w\nprehistorii. Jak dalej przebiega\u0142 rozw\u00f3j pachnide\u0142 i od jakiego czasu mo\u017cemy\nm\u00f3wi\u0107 o rozkwicie bran\u017cy perfumeryjnej? Czy aby tworzy\u0107 w\u0142asne perfumy musimy\nmie\u0107 ponadprzeci\u0119tnie rozwini\u0119ty zmys\u0142 powonienia? Nie pozw\u00f3l, aby odpowiedzi\nna te pytania przesz\u0142y Ci ko\u0142o nosa, skomponuj w\u0142asn\u0105 nut\u0119 zapachow\u0105 i \u201epoczuj\nmi\u0119t\u0119\u201d do nauki.<\/p>\n\n\n\n<hr class=\"wp-block-separator\"\/>\n\n\n\n<p><strong>02.05.2019<\/strong><\/p>\n\n\n\n<p><strong>12:00 &#8211; Mamo, tato, a dlaczego\u2026 mog\u0119 to zmniejszy\u0107, czyli naukowy\nKingSajz<\/strong><\/p>\n\n\n\n<p>\u2013 Mamo, tato, a gdybym tak m\u00f3g\u0142\nzmie\u015bci\u0107 si\u0119 w d\u0142oni? Czy to jest mo\u017cliwe? \u2013 zapyta\u0142 Sta\u015b.<\/p>\n\n\n\n<p>\u2013 Stasiu, nie da si\u0119 przecie\u017c\npomniejsza\u0107 przedmiot\u00f3w, a tym bardziej ludzi! \u2013 rzek\u0142a Zosia, siostra Stasia,\nkt\u00f3ra przechodz\u0105c obok us\u0142ysza\u0142a kolejne z tysi\u0105ca pyta\u0144 zadawanych przez\nm\u0142odszego brata. \u2013 Takie rzeczy dziej\u0105 si\u0119 tylko na filmach fantasy. Przecie\u017c\nto niemo\u017cliwe w prawdziwym \u017cyciu! \u2013 doda\u0142a.<\/p>\n\n\n\n<p>\u2013 Kasiu, mo\u017ce i Stasia nie\nzmniejszymy, ale zaraz sprawdzimy czy uda si\u0119 nam pomniejszy\u0107 Tw\u00f3j nowy telefon\n\u2013 odpowiedzia\u0142a mama.<\/p>\n\n\n\n<p>W laboratorium temperatura i to\nnie tylko od wra\u017ce\u0144 b\u0119dzie naprawd\u0119 wysoka\u2026 Dowiemy si\u0119, czym jest\ntermokurczliwo\u015b\u0107 i polimer, co to jest skala i do czego s\u0142u\u017cy. Poznamy tworzywa\ntermoplastyczne, u\u017cyjemy piekarnika i zdob\u0119dziemy wiedz\u0119 pozwalaj\u0105c\u0105 przenie\u015b\u0107\nnas w mikroskopijny \u015bwiat marze\u0144.<\/p>\n\n\n\n<p><strong>13:00 &#8211; Warsztat m\u0142odego odkrywcy. Poza Ziemi\u0105<\/strong><\/p>\n\n\n\n<p>Ziemia i jej najbli\u017csze otoczenie\nskrywa jeszcze wiele niespodzianek. Jak wygl\u0105da\u0142oby \u017cycie na innych planetach?\nIle mieliby\u015bmy lat? Jaka by\u0142aby nasza waga? Jakie skarby kryj\u0105 si\u0119 pod ich\npowierzchni\u0105? Aby pozna\u0107 gwiazdy i planety, ludzie wysy\u0142aj\u0105 satelity. Wybierz\nsi\u0119 w badawcz\u0105 misj\u0119 do laboratorium \u201eGenerator mocy\u201d i poznaj odpowiedzi na\nnajbardziej intryguj\u0105ce pytania o kosmosie.<\/p>\n\n\n\n<hr class=\"wp-block-separator\"\/>\n\n\n\n<p><strong>03.05.2019<\/strong><\/p>\n\n\n\n<p><strong>12:00 &#8211; Mamo, tato, a dlaczego robaczek \u015bwi\u0119toja\u0144ski \u015bwieci?<\/strong><\/p>\n\n\n\n<p>\u2013 Mamo, kiedy pojedziemy na piknik\ndo lasu? Julka opowiada\u0142a mi, \u017ce ona widzia\u0142a takie robaczki co \u015bwiec\u0105 w\nciemno\u015bci, te\u017c chc\u0119 je zobaczy\u0107! \u2013 wyrzuci\u0142a z siebie jednym tchem Marysia.<\/p>\n\n\n\n<p>\u2013 Pewnie masz na my\u015bli \u015bwietliki\n\u015bwi\u0119toja\u0144skie, Kochanie, spokojnie, latem na pewno uda nam si\u0119 je zobaczy\u0107 \u2013\nodpowiedzia\u0142a \u0142agodnym tonem Mama.<\/p>\n\n\n\n<p>\u2013 Ale jak to si\u0119 dzieje, \u017ce one\n\u015bwiec\u0105? \u2013 zapyta\u0142a zdumiona Marysia\u2026<\/p>\n\n\n\n<p>Czy \u015bwietliki \u015bwiec\u0105 tak samo jak\n\u017car\u00f3wki? Czy istniej\u0105 \u015bwiec\u0105ce grzyby? Odpowiedzi na te i inne pytania poznasz,\neksperymentuj\u0105c w ciemno\u015bci! Dowiesz si\u0119, na czym polega zjawisko\nbioluminescencji i jakie organizmy \u017cywe potrafi\u0105 emitowa\u0107 \u015bwiat\u0142o!<\/p>\n\n\n\n<p><strong>13:00 &#8211; Warsztat m\u0142odego odkrywcy. Wyrysuj program! \u2013 Ozoboty<\/strong><\/p>\n\n\n\n<p>Spotkaj si\u0119 z Ozobotami \u2013\nmale\u0144kimi, weso\u0142ymi kuleczkami, kt\u00f3re rozpoznaj\u0105 kolory i potrafi\u0105 wykonywa\u0107\npolecenia. Narysuj im lini\u0119 na zwyk\u0142ej kartce papieru i zastosuj proste\nkolorowe komendy, \u017ceby robot zrealizowa\u0142 misj\u0119, kt\u00f3r\u0105 mu zlecisz. Zaprogramuj\ndzie\u0144 rodzinie Glutobot\u00f3w i dopilnuj, aby ka\u017cdy wykona\u0142 prawid\u0142owo wyznaczone\nzadanie.<\/p>\n\n\n\n<hr class=\"wp-block-separator\"\/>\n\n\n\n<p><strong>04.05.2019 <\/strong><\/p>\n\n\n\n<p><strong>13:00 &#8211; Mamo, tato, a dlaczego\u2026 roztw\u00f3r ma peHa?<\/strong><\/p>\n\n\n\n<p>&nbsp;\u2013 Jak by\u0142o w szkole Kasiu? \u2013 zada\u0142a pytanie\nmama, przygotowuj\u0105c obiad.<\/p>\n\n\n\n<p>\u2013 Na przyrodzie Pani opowiada\u0142a o\nr\u00f3\u017cnych zanieczyszczeniach i kwa\u015bnych deszczach. Mamo, czy one naprawd\u0119 s\u0105\ntakie niebezpieczne? \u2013 odpar\u0142a Kasia.<\/p>\n\n\n\n<p>\u2013 Tak kochanie, kwa\u015bne deszcze\nnp. niszcz\u0105 drzewa i zakwaszaj\u0105 gleb\u0119, bo maj\u0105 bardzo niski odczyn pH.<\/p>\n\n\n\n<p>\u2013 Niskie pH? To znaczy, \u017ce maj\u0105\npo prostu pecha? \u2013 zapyta\u0142a zdumiona Kasia.<\/p>\n\n\n\n<p>\u2013 Nie Kasiu, to oznacza zupe\u0142nie\nco\u015b innego\u2026<\/p>\n\n\n\n<p>Kwa\u015bne deszcze, chemia\ngospodarstwa domowego, warzywa, owoce, kosmetyki. Kwasy i zasady mo\u017cemy\nodnale\u017a\u0107 wok\u00f3\u0142 nas. W jaki spos\u00f3b dowiedzie\u0107 si\u0119, kt\u00f3ra substancja jest kwasem,\na kt\u00f3ra zasad\u0105? Czym jest skala pH? Podczas warsztat\u00f3w dzieci przeprowadz\u0105\ndo\u015bwiadczenia, kt\u00f3re pozwol\u0105 sprawdzi\u0107 odczyn r\u00f3\u017cnych substancji spo\u017cywczych.\nPoznaj\u0105 tak\u017ce, kt\u00f3re warzywo mo\u017ce by\u0107 naturalnym wska\u017anikiem pH i jaki jest\njego odpowiednik chemiczny.<\/p>\n\n\n\n<p><strong>14:00 &#8211; Warsztat m\u0142odego odkrywcy. Akcja segregacja!<\/strong><\/p>\n\n\n\n<p>Ile \u015bmieci produkuje jedna\nrodzina i co dzieje si\u0119 z nimi po wyrzuceniu? Czym r\u00f3\u017cni si\u0119 recykling od\nupcyklingu? Uczestnicy warsztat\u00f3w samodzielnie zajm\u0105 si\u0119 segregacj\u0105 odpad\u00f3w i\ndowiedz\u0105 si\u0119, czemu jest to takie wa\u017cne. Wsp\u00f3lnie zastanowimy si\u0119, gdzie jest\nwi\u0119cej z\u0142ota ni\u017c w kopalniach z\u0142ota oraz stworzymy co\u015b nowego z czego\u015b starego.<\/p>\n\n\n\n<hr class=\"wp-block-separator\"\/>\n\n\n\n<p><strong>CENY BILET\u00d3W<\/strong><\/p>\n\n\n\n<p><strong>01 &#8211; 04.05.2019 r.<\/strong><\/p>\n\n\n\n<p>Zwiedzanie wystawy 45 minut<\/p>\n\n\n\n<p>Bilet normalny \u2013 7 z\u0142\/os.<\/p>\n\n\n\n<p>Bilet ulgowy, rodzinny, grupowy \u2013\n5 z\u0142\/os.<\/p>\n\n\n\n<p>Bilet z Kart\u0105 Du\u017cej Rodziny \u2013 4\nz\u0142\/os.<\/p>\n\n\n\n<p>Warsztaty 45 minut<\/p>\n\n\n\n<p>Bilet indywidualny, grupowy \u2013 8\nz\u0142\/os.<\/p>\n\n\n\n<hr class=\"wp-block-separator\"\/>\n\n\n\n<p>Serdecznie zach\u0119camy do\nsprawdzania dost\u0119pno\u015bci miejsc podczas warsztat\u00f3w, jak i zwiedzania. Na\nwszelkie pytania odpowiadamy pod numerem 41 278 72 50. Rezerwacje przyjmujemy\npod adresem <a href=\"mailto:rezerwacjeecn@technopark.kielce.pl\">rezerwacjeecn@technopark.kielce.pl<\/a>.\nBilety mo\u017cna kupi\u0107 przez stron\u0119 internetow\u0105 bilety.ecn.kielce.pl lub w kasach\nCentrum. Ka\u017cde dziecko poni\u017cej 13 roku \u017cycia musi znajdowa\u0107 si\u0119 pod opiek\u0105\ndoros\u0142ego opiekuna, kt\u00f3rego obowi\u0105zuje bilet wst\u0119pu, a grupa posiada\u0107 co\nnajmniej 1 opiekuna na 10 os\u00f3b. <\/p>\n\n\n\n<hr class=\"wp-block-separator\"\/>\n\n\n\n<p>Zapraszamy r\u00f3wnie\u017c do sp\u0119dzenia czasu &#8220;na powietrzu&#8221; w Energetycznym Ogrodzie Do\u015bwiadcze\u0144. Wst\u0119p jest bezp\u0142atny i nie obowi\u0105zuje wcze\u015bniejsza rezerwacja. Wi\u0119cej informacji:  <br><a href=\"http:\/\/ecn.kielce.pl\/index.php\/pl\/odkrywaj\/ogrod\/\">http:\/\/ecn.kielce.pl\/index.php\/pl\/odkrywaj\/ogrod\/<\/a> <\/p>\n","protected":false},"excerpt":{"rendered":"<p>Warsztaty popularnonaukowe, eksperymentowanie na wystawie \u201eEnergia\u201d oraz w plenerze, w Energetycznym Ogrodzie Do\u015bwiadcze\u0144. To atrakcje, kt\u00f3re czekaj\u0105 na go\u015bci odwiedzaj\u0105cych nasze Centrum podczas d\u0142ugiego weekendu majowego.<\/p>\n","protected":false},"author":2,"featured_media":5120,"comment_status":"closed","ping_status":"closed","sticky":false,"template":"","format":"standard","meta":{"_links_to":"","_links_to_target":""},"categories":[8,9],"tags":[181,173,171,175,231,233,467,245,199,571,643,261,742],"_links":{"self":[{"href":"https:\/\/ecn.kielce.pl\/index.php\/wp-json\/wp\/v2\/posts\/5119"}],"collection":[{"href":"https:\/\/ecn.kielce.pl\/index.php\/wp-json\/wp\/v2\/posts"}],"about":[{"href":"https:\/\/ecn.kielce.pl\/index.php\/wp-json\/wp\/v2\/types\/post"}],"author":[{"embeddable":true,"href":"https:\/\/ecn.kielce.pl\/index.php\/wp-json\/wp\/v2\/users\/2"}],"replies":[{"embeddable":true,"href":"https:\/\/ecn.kielce.pl\/index.php\/wp-json\/wp\/v2\/comments?post=5119"}],"version-history":[{"count":3,"href":"https:\/\/ecn.kielce.pl\/index.php\/wp-json\/wp\/v2\/posts\/5119\/revisions"}],"predecessor-version":[{"id":5127,"href":"https:\/\/ecn.kielce.pl\/index.php\/wp-json\/wp\/v2\/posts\/5119\/revisions\/5127"}],"wp:featuredmedia":[{"embeddable":true,"href":"https:\/\/ecn.kielce.pl\/index.php\/wp-json\/wp\/v2\/media\/5120"}],"wp:attachment":[{"href":"https:\/\/ecn.kielce.pl\/index.php\/wp-json\/wp\/v2\/media?parent=5119"}],"wp:term":[{"taxonomy":"category","embeddable":true,"href":"https:\/\/ecn.kielce.pl\/index.php\/wp-json\/wp\/v2\/categories?post=5119"},{"taxonomy":"post_tag","embeddable":true,"href":"https:\/\/ecn.kielce.pl\/index.php\/wp-json\/wp\/v2\/tags?post=5119"}],"curies":[{"name":"wp","href":"https:\/\/api.w.org\/{rel}","templated":true}]}}