{"id":4988,"date":"2019-02-26T09:15:20","date_gmt":"2019-02-26T08:15:20","guid":{"rendered":"http:\/\/ecn.kielce.pl\/?p=4988"},"modified":"2019-03-07T11:50:24","modified_gmt":"2019-03-07T10:50:24","slug":"naukowa-moc-jezyka-w-ecn-xxvii-tydzien-kultury-jezyka","status":"publish","type":"post","link":"https:\/\/ecn.kielce.pl\/index.php\/pl\/2019\/02\/26\/naukowa-moc-jezyka-w-ecn-xxvii-tydzien-kultury-jezyka\/","title":{"rendered":"Naukowa moc j\u0119zyka w ECN &#8211; XXVII Tydzie\u0144 Kultury J\u0119zyka"},"content":{"rendered":"\n<h4><strong>Po raz kolejny wsp\u00f3lnie z Wydawnictwem \u201eJedno\u015b\u0107\u201d zapraszamy do udzia\u0142u w wyj\u0105tkowym wydarzeniu, jakie odbywa si\u0119 w wojew\u00f3dztwie \u015bwi\u0119tokrzyskim. <\/strong><\/h4>\n\n\n\n<!--more-->\n\n\n\n<hr class=\"wp-block-separator\"\/>\n\n\n\n<p>Tegoroczna edycja rozpoczyna si\u0119 11\nmarca i trwa\u0107 b\u0119dzie do 16 marca pod has\u0142em \u201eWolno\u015b\u0107 i niepodleg\u0142o\u015b\u0107 j\u0119zyka to\nwolno\u015b\u0107 i niepodleg\u0142o\u015b\u0107 umys\u0142u\u201d. Organizatorami s\u0105 Instytut Filologii Polskiej\nUJK oraz Kieleckie Centrum Kultury. <\/p>\n\n\n\n<p>W Energetyczne Centrum Nauki KPT\nTKJ odb\u0119dzie si\u0119 16 marca. W tym dniu zapraszamy do udzia\u0142u w warsztatach,\npodczas kt\u00f3rych zapoznamy si\u0119 z sylwetkami znanych polskich pisarzy, kt\u00f3rzy\nwalczyli o niepodleg\u0142o\u015b\u0107 j\u0119zyka polskiego m.in. z pochodz\u0105cym z naszego regionu\nMiko\u0142ajem Rejem.&nbsp; B\u0119dziemy analizowa\u0107 w\njaki spos\u00f3b polska literatura pomaga\u0142a przeciwstawia\u0107 si\u0119 dzia\u0142aniom zaborc\u00f3w\nd\u0105\u017c\u0105cych do likwidacji wszelkich symboli polsko\u015bci. Nast\u0119pnie odniesiemy si\u0119 do\nwsp\u00f3\u0142czesnego j\u0119zyka polskiego, aby ustali\u0107 jak dba\u0107 o jego czysto\u015b\u0107 i\npoprawno\u015b\u0107 oraz chroni\u0107 przed nadu\u017cywaniem anglicyzm\u00f3w. Wykonamy te\u017c eksperymenty\nz wykorzystaniem znanych od wiek\u00f3w przybor\u00f3w pi\u015bmienniczych.<\/p>\n\n\n\n<p>Na uczestnik\u00f3w czekaj\u0105 tak\u017ce quizy,\nza poprawne rozwi\u0105zanie kt\u00f3rych b\u0119dzie mo\u017cna otrzyma\u0107 pi\u0119kne publikacje od Wydawnictwa\n\u201eJedno\u015b\u0107\u201d.<\/p>\n\n\n\n<p>Na warsztaty zapraszamy <strong>16 marca o g. 13:00 i 14:00<\/strong>. Bilety w cenie <strong>4 z\u0142\/os<\/strong>. b\u0119d\u0105 dost\u0119pne przez stron\u0119 bilety.ecn.kielce.pl lub w kasach Centrum od 28.02.2019 r. Ka\u017cde dziecko poni\u017cej 13 roku \u017cycia musi znajdowa\u0107 si\u0119 pod opiek\u0105 doros\u0142ego, kt\u00f3ry r\u00f3wnie\u017c p\u0142aci za bilet wst\u0119pu. Grupy obowi\u0105zuje wcze\u015bniejsza rezerwacja miejsc na adres <a href=\"mailto:rezerwacjeecn@technopark.kielce.pl\">rezerwacjeecn@technopark.kielce.pl<\/a>. Szczeg\u00f3\u0142y: 41\u00a0278 72 50.<\/p>\n\n\n\n<p>Wi\u0119cej informacji o TKJ dost\u0119pnych na stronie: <a href=\"http:\/\/www.ujk.edu.pl\/ifp\/tydzien-kultury-jezyka\/\">http:\/\/www.ujk.edu.pl\/ifp\/tydzien-kultury-jezyka\/<\/a> <\/p>\n","protected":false},"excerpt":{"rendered":"<p>Po raz kolejny wsp\u00f3lnie z Wydawnictwem \u201eJedno\u015b\u0107\u201d zapraszamy do udzia\u0142u w wyj\u0105tkowym wydarzeniu, jakie odbywa si\u0119 w wojew\u00f3dztwie \u015bwi\u0119tokrzyskim.<\/p>\n","protected":false},"author":2,"featured_media":5020,"comment_status":"closed","ping_status":"closed","sticky":false,"template":"","format":"standard","meta":{"_links_to":"","_links_to_target":""},"categories":[8,9],"tags":[173,311,171,638,175,231,233,195,637,179,427],"_links":{"self":[{"href":"https:\/\/ecn.kielce.pl\/index.php\/wp-json\/wp\/v2\/posts\/4988"}],"collection":[{"href":"https:\/\/ecn.kielce.pl\/index.php\/wp-json\/wp\/v2\/posts"}],"about":[{"href":"https:\/\/ecn.kielce.pl\/index.php\/wp-json\/wp\/v2\/types\/post"}],"author":[{"embeddable":true,"href":"https:\/\/ecn.kielce.pl\/index.php\/wp-json\/wp\/v2\/users\/2"}],"replies":[{"embeddable":true,"href":"https:\/\/ecn.kielce.pl\/index.php\/wp-json\/wp\/v2\/comments?post=4988"}],"version-history":[{"count":4,"href":"https:\/\/ecn.kielce.pl\/index.php\/wp-json\/wp\/v2\/posts\/4988\/revisions"}],"predecessor-version":[{"id":5025,"href":"https:\/\/ecn.kielce.pl\/index.php\/wp-json\/wp\/v2\/posts\/4988\/revisions\/5025"}],"wp:featuredmedia":[{"embeddable":true,"href":"https:\/\/ecn.kielce.pl\/index.php\/wp-json\/wp\/v2\/media\/5020"}],"wp:attachment":[{"href":"https:\/\/ecn.kielce.pl\/index.php\/wp-json\/wp\/v2\/media?parent=4988"}],"wp:term":[{"taxonomy":"category","embeddable":true,"href":"https:\/\/ecn.kielce.pl\/index.php\/wp-json\/wp\/v2\/categories?post=4988"},{"taxonomy":"post_tag","embeddable":true,"href":"https:\/\/ecn.kielce.pl\/index.php\/wp-json\/wp\/v2\/tags?post=4988"}],"curies":[{"name":"wp","href":"https:\/\/api.w.org\/{rel}","templated":true}]}}