{"id":4711,"date":"2018-11-14T09:50:04","date_gmt":"2018-11-14T08:50:04","guid":{"rendered":"http:\/\/ecn.kielce.pl\/?p=4711"},"modified":"2018-11-14T09:50:04","modified_gmt":"2018-11-14T08:50:04","slug":"warsztat-mlodego-odkrywcy-grudzien-2018","status":"publish","type":"post","link":"https:\/\/ecn.kielce.pl\/index.php\/pl\/2018\/11\/14\/warsztat-mlodego-odkrywcy-grudzien-2018\/","title":{"rendered":"Warsztat m\u0142odego odkrywcy: grudzie\u0144 2018"},"content":{"rendered":"<p style=\"text-align: justify;\"><strong>Przewodniki, izolatory, obw\u00f3d zamkni\u0119ty\u2026 ma\u0142o kojarz\u0105 si\u0119 ze \u015bwi\u0119tami, ale je\u015bli podpowiemy \u201elampki \u015bwi\u0105teczne\u201d zrozumiemy jak wiele maj\u0105 wsp\u00f3lnego, nie tylko z tym wyj\u0105tkowym czasem, lecz tak\u017ce z nauk\u0105. Zapraszamy na grudniowe zaj\u0119cia z cyklu \u201eWarsztat m\u0142odego odkrywcy\u201d pn. \u201e\u015awi\u0105teczne po\u0142\u0105czenie\u201d.<\/strong><!--more--><\/p>\n<hr \/>\n<p style=\"text-align: justify;\">\n<p style=\"text-align: justify;\">Podczas zaj\u0119\u0107 opowiemy o tym, jakie materia\u0142y przewodz\u0105 pr\u0105d, a jakie s\u0105 na niego \u201eodporne\u201d, w jaki spos\u00f3b tworzy\u0107 obw\u00f3d elektryczny, aby nie doprowadzi\u0107 do zwarcia. Zdradzimy czy w \u015brodowisku mo\u017cna znale\u017a\u0107 naturalne baterie, a uczestnicy zbuduj\u0105 w\u0142asny obw\u00f3d elektryczny, tworz\u0105c \u015bwiec\u0105c\u0105 kartk\u0119, kt\u00f3r\u0105 b\u0119dzie mo\u017cna ozdobi\u0107, okrasi\u0107 \u015bwi\u0105tecznymi \u017cyczeniami, aby potem przes\u0142a\u0107 j\u0105 bliskim osobom.<\/p>\n<p style=\"text-align: justify;\">Na zaj\u0119cia z cyklu <em>Warsztat m\u0142odego odkrywcy: \u015awi\u0105teczne po\u0142\u0105czenie <\/em>zapraszamy 1, 8 oraz 15 grudnia o godz. 14:00. Koszt udzia\u0142u w zaj\u0119ciach wynosi 8 z\u0142\/os. Zaj\u0119cia trwaj\u0105 45 minut. Bilety mo\u017cna kupi\u0107 przez stron\u0119 internetow\u0105 bilety.ecn.kielce.pl lub w kasach Centrum. Warsztaty kierowane s\u0105 do dzieci od 5 roku \u017cycia razem z rodzicami\/opiekunami. Ka\u017cde dziecko poni\u017cej 13 roku \u017cycia musi znajdowa\u0107 si\u0119 pod opiek\u0105 doros\u0142ego opiekuna, kt\u00f3rego obowi\u0105zuje bilet wst\u0119pu. Zach\u0119camy r\u00f3wnie\u017c do wcze\u015bniejszej rezerwacji miejsc na rezerwacjeecn@technopark.kielce.pl.<\/p>\n","protected":false},"excerpt":{"rendered":"<p>Przewodniki, izolatory, obw\u00f3d zamkni\u0119ty\u2026 ma\u0142o kojarz\u0105 si\u0119 ze \u015bwi\u0119tami, ale je\u015bli podpowiemy \u201elampki \u015bwi\u0105teczne\u201d zrozumiemy jak wiele maj\u0105 wsp\u00f3lnego, nie tylko z tym wyj\u0105tkowym czasem, lecz tak\u017ce z nauk\u0105. Zapraszamy na grudniowe zaj\u0119cia z cyklu \u201eWarsztat m\u0142odego odkrywcy\u201d pn. \u201e\u015awi\u0105teczne po\u0142\u0105czenie\u201d.<\/p>\n","protected":false},"author":2,"featured_media":4712,"comment_status":"closed","ping_status":"closed","sticky":false,"template":"","format":"standard","meta":{"_links_to":"","_links_to_target":""},"categories":[8,9],"tags":[191,545,543,181,173,311,193,171,175,231,233,195,199,179,148,261,144],"_links":{"self":[{"href":"https:\/\/ecn.kielce.pl\/index.php\/wp-json\/wp\/v2\/posts\/4711"}],"collection":[{"href":"https:\/\/ecn.kielce.pl\/index.php\/wp-json\/wp\/v2\/posts"}],"about":[{"href":"https:\/\/ecn.kielce.pl\/index.php\/wp-json\/wp\/v2\/types\/post"}],"author":[{"embeddable":true,"href":"https:\/\/ecn.kielce.pl\/index.php\/wp-json\/wp\/v2\/users\/2"}],"replies":[{"embeddable":true,"href":"https:\/\/ecn.kielce.pl\/index.php\/wp-json\/wp\/v2\/comments?post=4711"}],"version-history":[{"count":1,"href":"https:\/\/ecn.kielce.pl\/index.php\/wp-json\/wp\/v2\/posts\/4711\/revisions"}],"predecessor-version":[{"id":4713,"href":"https:\/\/ecn.kielce.pl\/index.php\/wp-json\/wp\/v2\/posts\/4711\/revisions\/4713"}],"wp:featuredmedia":[{"embeddable":true,"href":"https:\/\/ecn.kielce.pl\/index.php\/wp-json\/wp\/v2\/media\/4712"}],"wp:attachment":[{"href":"https:\/\/ecn.kielce.pl\/index.php\/wp-json\/wp\/v2\/media?parent=4711"}],"wp:term":[{"taxonomy":"category","embeddable":true,"href":"https:\/\/ecn.kielce.pl\/index.php\/wp-json\/wp\/v2\/categories?post=4711"},{"taxonomy":"post_tag","embeddable":true,"href":"https:\/\/ecn.kielce.pl\/index.php\/wp-json\/wp\/v2\/tags?post=4711"}],"curies":[{"name":"wp","href":"https:\/\/api.w.org\/{rel}","templated":true}]}}