{"id":4698,"date":"2018-11-09T14:25:32","date_gmt":"2018-11-09T13:25:32","guid":{"rendered":"http:\/\/ecn.kielce.pl\/?p=4698"},"modified":"2018-11-09T14:26:38","modified_gmt":"2018-11-09T13:26:38","slug":"12-listopada-swietujemy","status":"publish","type":"post","link":"https:\/\/ecn.kielce.pl\/index.php\/pl\/2018\/11\/09\/12-listopada-swietujemy\/","title":{"rendered":"12 listopada \u015bwi\u0119tujemy"},"content":{"rendered":"<p><strong>Drodzy Zwiedzaj\u0105cy, 12 listopada r\u00f3wnie\u017c \u015bwi\u0119tujemy 100. rocznic\u0119 odzyskania niepodleg\u0142o\u015bci przez Polsk\u0119. Zapraszamy do kontaktu telefonicznego od wtorku, tego dnia odpowiemy r\u00f3wnie\u017c na wszystkie e-maile.<\/strong><!--more--><\/p>\n<p>#NIEPODLEG\u0141A<\/p>\n","protected":false},"excerpt":{"rendered":"<p>Drodzy Zwiedzaj\u0105cy, 12 listopada r\u00f3wnie\u017c \u015bwi\u0119tujemy 100. rocznic\u0119 odzyskania niepodleg\u0142o\u015bci przez Polsk\u0119. Zapraszamy do kontaktu telefonicznego od wtorku, tego dnia odpowiemy r\u00f3wnie\u017c na wszystkie e-maile.<\/p>\n","protected":false},"author":2,"featured_media":4699,"comment_status":"closed","ping_status":"closed","sticky":false,"template":"","format":"standard","meta":{"_links_to":"","_links_to_target":""},"categories":[8,9],"tags":[],"_links":{"self":[{"href":"https:\/\/ecn.kielce.pl\/index.php\/wp-json\/wp\/v2\/posts\/4698"}],"collection":[{"href":"https:\/\/ecn.kielce.pl\/index.php\/wp-json\/wp\/v2\/posts"}],"about":[{"href":"https:\/\/ecn.kielce.pl\/index.php\/wp-json\/wp\/v2\/types\/post"}],"author":[{"embeddable":true,"href":"https:\/\/ecn.kielce.pl\/index.php\/wp-json\/wp\/v2\/users\/2"}],"replies":[{"embeddable":true,"href":"https:\/\/ecn.kielce.pl\/index.php\/wp-json\/wp\/v2\/comments?post=4698"}],"version-history":[{"count":2,"href":"https:\/\/ecn.kielce.pl\/index.php\/wp-json\/wp\/v2\/posts\/4698\/revisions"}],"predecessor-version":[{"id":4701,"href":"https:\/\/ecn.kielce.pl\/index.php\/wp-json\/wp\/v2\/posts\/4698\/revisions\/4701"}],"wp:featuredmedia":[{"embeddable":true,"href":"https:\/\/ecn.kielce.pl\/index.php\/wp-json\/wp\/v2\/media\/4699"}],"wp:attachment":[{"href":"https:\/\/ecn.kielce.pl\/index.php\/wp-json\/wp\/v2\/media?parent=4698"}],"wp:term":[{"taxonomy":"category","embeddable":true,"href":"https:\/\/ecn.kielce.pl\/index.php\/wp-json\/wp\/v2\/categories?post=4698"},{"taxonomy":"post_tag","embeddable":true,"href":"https:\/\/ecn.kielce.pl\/index.php\/wp-json\/wp\/v2\/tags?post=4698"}],"curies":[{"name":"wp","href":"https:\/\/api.w.org\/{rel}","templated":true}]}}