{"id":4658,"date":"2018-10-31T09:35:46","date_gmt":"2018-10-31T08:35:46","guid":{"rendered":"http:\/\/ecn.kielce.pl\/?p=4658"},"modified":"2018-10-31T09:37:13","modified_gmt":"2018-10-31T08:37:13","slug":"spin-day-2018-w-energetycznym-centrum-nauki","status":"publish","type":"post","link":"https:\/\/ecn.kielce.pl\/index.php\/pl\/2018\/10\/31\/spin-day-2018-w-energetycznym-centrum-nauki\/","title":{"rendered":"Spin Day 2018"},"content":{"rendered":"<p style=\"text-align: justify;\"><strong>W sobot\u0119 10 listopada w ca\u0142ej Polsce odb\u0119dzie si\u0119 wyj\u0105tkowe \u015bwi\u0119to instytucji, nale\u017c\u0105cych do Porozumienia Spo\u0142ecze\u0144stwo i Nauka \u201eSPiN\u201d. W tym samym dniu b\u0119dziemy \u015bwi\u0119towa\u0107 Mi\u0119dzynarodowy Dzie\u0144 Centr\u00f3w i Muze\u00f3w Nauki.<\/strong><!--more--><\/p>\n<hr \/>\n<p style=\"text-align: justify;\">Tegoroczna edycja SPiN DAY zwi\u0105zana b\u0119dzie z obchodzon\u0105 w tym roku 100. rocznic\u0105 odzyskania przez Polsk\u0119 niepodleg\u0142o\u015bci. Nasi edukatorzy przygotowali warsztaty pn. \u201ePolscy patrioci i ich wynalazki\u201d<\/p>\n<p style=\"text-align: justify;\">Histori\u0119 o polskich naukowcach i wynalazcach rozpoczniemy od 29 listopada 1830 roku i wybuchu powstania listopadowego. Jak wielu m\u0142odych ludzi za udzia\u0142 w powstaniu Jan J\u00f3zef Baranowski zostaje zmuszony do ucieczki z kraju. Nied\u0142ugo po tych wydarzeniach ten zdolny in\u017cynier konstruuje semafor, gazomierz, kasownik biletowy i maszyn\u0119 do liczenia g\u0142os\u00f3w. Te i wiele innych polskich wynalazk\u00f3w do dzi\u015b jest powszechnie u\u017cywanych u\u0142atwiaj\u0105c \u017cycie ludziom w wielu dziedzinach.<\/p>\n<p style=\"text-align: justify;\">W podr\u00f3\u017c do przesz\u0142o\u015bci zabior\u0105 uczestnik\u00f3w warsztat\u00f3w specjalnie zaprogramowane roboty \u2013 Photony, kt\u00f3re cofaj\u0105c si\u0119 w czasie opowiedz\u0105 o trudnych dziejach Polski i jej drodze do wolno\u015bci. Na tle najwa\u017cniejszych wydarze\u0144 historycznych w opowie\u015b\u0107 wpl\u0105tane zostan\u0105 historie o wybitnych Polakach \u2013 naukowcach i wynalazcach, kt\u00f3rzy swoimi odkryciami nierzadko przyczyniali si\u0119 do zmiany biegu historii. Do dzi\u015b takie nazwiska, jak Ignacy \u0141ukasiewicz czy Maria Sk\u0142odowska-Curie kojarzone s\u0105 g\u0142\u00f3wnie ze\u00a0 spektakularnymi odkryciami. Nie ka\u017cdy jednak wie, \u017ce te wybitne umys\u0142y niejednokrotnie anga\u017cowa\u0142y si\u0119 w walk\u0119 na rzecz niepodleg\u0142ej Polski.<\/p>\n<p style=\"text-align: justify;\">Na warsztatach przybli\u017cymy sylwetki Polak\u00f3w znanych wi\u0119kszo\u015bci z nas, takich jak m. in. Ignacy \u0141ukasiewicz, Maria Sk\u0142odowska-Curie, Marian Rejewski, Henryk Zygalski czy Jerzy R\u00f3\u017cycki. Przypomnimy r\u00f3wnie\u017c postaci Polak\u00f3w, kt\u00f3rzy mimo swoich odkry\u0107, z kt\u00f3rych korzystamy na co dzie\u0144, s\u0105 obecnie nieco zapomniani, m. in.\u00a0 Jan J\u00f3zef Baranowski (tw\u00f3rca semafora czy gazomierza), Jan Szczepanik (tw\u00f3rca teletroskopu, systemu barwnego filmu, kamizelki kuloodpornej), Kazimierz Pr\u00f3szy\u0144ski (tw\u00f3rca r\u0119cznej kamery filmowej), Stefan Drzewiecki (tw\u00f3rca rejestratora pr\u0119dko\u015bci poci\u0105gu oraz promografu), Henryk Magnurski (tw\u00f3rca radiotelefonu potocznie zwanego walkie-talkie), J\u00f3zef Kosacki (konstruktor pierwszego wykrywacza min) czy Stefan Kudelski (tw\u00f3rca magnetofonu).<\/p>\n<hr \/>\n<p style=\"text-align: justify;\">Na warsztaty zapraszamy 10 listopada o godz. 12:00, 13:00 oraz 14:00. Koszt udzia\u0142u wynosi 8 z\u0142\/os. Zaj\u0119cia trwaj\u0105 45 minut. Bilety mo\u017cna kupi\u0107 przez stron\u0119 internetow\u0105 bilety.ecn.kielce.pl lub w kasach Centrum. Warsztaty kierowane s\u0105 do dzieci od 5 roku \u017cycia razem z rodzicami\/opiekunami. Ka\u017cde dziecko poni\u017cej 13 roku \u017cycia musi znajdowa\u0107 si\u0119 pod opiek\u0105 doros\u0142ego opiekuna, kt\u00f3rego obowi\u0105zuje bilet wst\u0119pu. Zach\u0119camy r\u00f3wnie\u017c do wcze\u015bniejszej rezerwacji miejsc na rezerwacjeecn@technopark.kielce.pl.<\/p>\n<hr \/>\n<p style=\"text-align: justify;\">SPiN \u2013 Porozumienie Spo\u0142ecze\u0144stwo i Nauka to porozumienie instytucji non-profit ukierunkowanych na rozw\u00f3j spo\u0142ecze\u0144stwa oparty na edukacji, nauce, technice i innowacji, kt\u00f3re powsta\u0142o w 2013 roku jako oddolna inicjatywa uczestnik\u00f3w corocznej konferencji Interakcja-Integracja, organizowanej od 2007 r. Do SPiNu nale\u017c\u0105 r\u00f3\u017cnego rodzaju instytucje \u2013 centra nauki, fundacje, stowarzyszenia, o\u015brodki kultury, muzea, planetaria, ogrody botaniczne, uczelnie, kt\u00f3rych wsp\u00f3lnym celem jest rozw\u00f3j spo\u0142ecze\u0144stwa opartego na edukacji, nauce, technice i innowacji. Dowiedz si\u0119 wi\u0119cej na temat <a href=\"http:\/\/www.kopernik.org.pl\/o-centrum\/centrum-nauki-kopernik-w-polsce-i-na-swiecie\/spin\/\">Porozumienia<\/a>.<\/p>\n","protected":false},"excerpt":{"rendered":"<p>W sobot\u0119 10 listopada w ca\u0142ej Polsce odb\u0119dzie si\u0119 wyj\u0105tkowe \u015bwi\u0119to instytucji, nale\u017c\u0105cych do Porozumienia Spo\u0142ecze\u0144stwo i Nauka \u201eSPiN\u201d. W tym samym dniu b\u0119dziemy \u015bwi\u0119towa\u0107 Mi\u0119dzynarodowy Dzie\u0144 Centr\u00f3w i Muze\u00f3w Nauki.<\/p>\n","protected":false},"author":2,"featured_media":4659,"comment_status":"closed","ping_status":"closed","sticky":false,"template":"","format":"standard","meta":{"_links_to":"","_links_to_target":""},"categories":[8,9],"tags":[191,173,311,193,171,175,231,233,195,539,335,333,199,179,148],"_links":{"self":[{"href":"https:\/\/ecn.kielce.pl\/index.php\/wp-json\/wp\/v2\/posts\/4658"}],"collection":[{"href":"https:\/\/ecn.kielce.pl\/index.php\/wp-json\/wp\/v2\/posts"}],"about":[{"href":"https:\/\/ecn.kielce.pl\/index.php\/wp-json\/wp\/v2\/types\/post"}],"author":[{"embeddable":true,"href":"https:\/\/ecn.kielce.pl\/index.php\/wp-json\/wp\/v2\/users\/2"}],"replies":[{"embeddable":true,"href":"https:\/\/ecn.kielce.pl\/index.php\/wp-json\/wp\/v2\/comments?post=4658"}],"version-history":[{"count":2,"href":"https:\/\/ecn.kielce.pl\/index.php\/wp-json\/wp\/v2\/posts\/4658\/revisions"}],"predecessor-version":[{"id":4662,"href":"https:\/\/ecn.kielce.pl\/index.php\/wp-json\/wp\/v2\/posts\/4658\/revisions\/4662"}],"wp:featuredmedia":[{"embeddable":true,"href":"https:\/\/ecn.kielce.pl\/index.php\/wp-json\/wp\/v2\/media\/4659"}],"wp:attachment":[{"href":"https:\/\/ecn.kielce.pl\/index.php\/wp-json\/wp\/v2\/media?parent=4658"}],"wp:term":[{"taxonomy":"category","embeddable":true,"href":"https:\/\/ecn.kielce.pl\/index.php\/wp-json\/wp\/v2\/categories?post=4658"},{"taxonomy":"post_tag","embeddable":true,"href":"https:\/\/ecn.kielce.pl\/index.php\/wp-json\/wp\/v2\/tags?post=4658"}],"curies":[{"name":"wp","href":"https:\/\/api.w.org\/{rel}","templated":true}]}}