{"id":4547,"date":"2018-09-05T12:52:35","date_gmt":"2018-09-05T10:52:35","guid":{"rendered":"http:\/\/ecn.kielce.pl\/?p=4547"},"modified":"2018-09-05T12:52:35","modified_gmt":"2018-09-05T10:52:35","slug":"druzynamocy-na-iii-edycji-astro-pikniku","status":"publish","type":"post","link":"https:\/\/ecn.kielce.pl\/index.php\/pl\/2018\/09\/05\/druzynamocy-na-iii-edycji-astro-pikniku\/","title":{"rendered":"#dru\u017cynamocy na III edycji Astro Pikniku"},"content":{"rendered":"<p style=\"text-align: justify;\"><strong>W najbli\u017cszy weekend serdecznie zapraszamy do naszego kosmicznego stoiska w Centrum Leonardo da Vinci w Podzamczu Ch\u0119ci\u0144skim. <\/strong><!--more--><\/p>\n<hr \/>\n<p style=\"text-align: justify;\">Odwiedzaj\u0105cy wybior\u0105 si\u0119 w zakr\u0119con\u0105 podr\u00f3\u017c wok\u00f3\u0142 gwiazd. Na stoisku b\u0119dzie mo\u017cna dowiedzie\u0107 si\u0119 dlaczego doba trwa 24 godziny, a rok przest\u0119pny jest co 4 lata. Edukatorzy zaprezentuj\u0105 zagadnienia<br \/>\nz zakresu astronomii i fizyki w postaci pogadanki po\u0142\u0105czonej z eksperymentami.<\/p>\n<p style=\"text-align: justify;\">Wydarzenie odb\u0119dzie si\u0119 8 oraz 9 wrze\u015bnia 2018 r. w godz. 11:00-16:00. Wst\u0119p jest bezp\u0142atny.<\/p>\n","protected":false},"excerpt":{"rendered":"<p>W najbli\u017cszy weekend serdecznie zapraszamy do naszego kosmicznego stoiska w Centrum Leonardo da Vinci w Podzamczu Ch\u0119ci\u0144skim.<\/p>\n","protected":false},"author":2,"featured_media":4548,"comment_status":"closed","ping_status":"closed","sticky":false,"template":"","format":"standard","meta":{"_links_to":"","_links_to_target":""},"categories":[8,9],"tags":[501,271,191,181,173,311,193,171,175,231,233,195,199,179,261],"_links":{"self":[{"href":"https:\/\/ecn.kielce.pl\/index.php\/wp-json\/wp\/v2\/posts\/4547"}],"collection":[{"href":"https:\/\/ecn.kielce.pl\/index.php\/wp-json\/wp\/v2\/posts"}],"about":[{"href":"https:\/\/ecn.kielce.pl\/index.php\/wp-json\/wp\/v2\/types\/post"}],"author":[{"embeddable":true,"href":"https:\/\/ecn.kielce.pl\/index.php\/wp-json\/wp\/v2\/users\/2"}],"replies":[{"embeddable":true,"href":"https:\/\/ecn.kielce.pl\/index.php\/wp-json\/wp\/v2\/comments?post=4547"}],"version-history":[{"count":1,"href":"https:\/\/ecn.kielce.pl\/index.php\/wp-json\/wp\/v2\/posts\/4547\/revisions"}],"predecessor-version":[{"id":4549,"href":"https:\/\/ecn.kielce.pl\/index.php\/wp-json\/wp\/v2\/posts\/4547\/revisions\/4549"}],"wp:featuredmedia":[{"embeddable":true,"href":"https:\/\/ecn.kielce.pl\/index.php\/wp-json\/wp\/v2\/media\/4548"}],"wp:attachment":[{"href":"https:\/\/ecn.kielce.pl\/index.php\/wp-json\/wp\/v2\/media?parent=4547"}],"wp:term":[{"taxonomy":"category","embeddable":true,"href":"https:\/\/ecn.kielce.pl\/index.php\/wp-json\/wp\/v2\/categories?post=4547"},{"taxonomy":"post_tag","embeddable":true,"href":"https:\/\/ecn.kielce.pl\/index.php\/wp-json\/wp\/v2\/tags?post=4547"}],"curies":[{"name":"wp","href":"https:\/\/api.w.org\/{rel}","templated":true}]}}