{"id":4519,"date":"2018-09-01T17:00:13","date_gmt":"2018-09-01T15:00:13","guid":{"rendered":"http:\/\/ecn.kielce.pl\/?p=4519"},"modified":"2018-09-01T17:54:16","modified_gmt":"2018-09-01T15:54:16","slug":"wracaja-stale-godziny-zwiedzania-naszego-centrum","status":"publish","type":"post","link":"https:\/\/ecn.kielce.pl\/index.php\/pl\/2018\/09\/01\/wracaja-stale-godziny-zwiedzania-naszego-centrum\/","title":{"rendered":"Wracaj\u0105 sta\u0142e godziny zwiedzania naszego Centrum"},"content":{"rendered":"<p style=\"text-align: justify;\"><strong>Drodzy Zwiedzaj\u0105cy, wracaj\u0105 sta\u0142e godziny zwiedzania naszego Centrum. Od 4 wrze\u015bnia obowi\u0105zuj\u0105 nast\u0119puj\u0105ce tury.<\/strong><br \/>\n<!--more--><\/p>\n<hr \/>\n<p style=\"text-align: justify;\"><strong>WTOREK \u2013\u00a0PI\u0104TEK<\/strong><\/p>\n<p><strong>08:30-10:00\u00a0<\/strong>warsztaty+wystawa lub wystawa<\/p>\n<p><strong>10:30-12:00<\/strong>\u00a0warsztaty+wystawa lub wystawa<\/p>\n<p><strong>12:30-14:00<\/strong>\u00a0warsztaty+wystawa lub wystawa<\/p>\n<p><strong>14:30-16:00 <\/strong>warsztaty+wystawa lub wystawa<\/p>\n<p>&nbsp;<\/p>\n<p><strong>SOBOTA<\/strong><\/p>\n<p><strong>11:00-11:45<\/strong>\u00a0wystawa<\/p>\n<p><strong>12:00-12:45<\/strong>\u00a0wystawa<\/p>\n<p><strong>13:00-13:45<\/strong>\u00a0warsztaty lub wystawa<\/p>\n<p><strong>14:00-14:45<\/strong>\u00a0warsztaty lub wystawa<\/p>\n<p><strong>15:00-15:45<\/strong>\u00a0wystawa<\/p>\n<p><strong>16:00-16:45<\/strong>\u00a0wystawa<\/p>\n<p><strong>17:00-17:45<\/strong>\u00a0wystawa<\/p>\n<p>&nbsp;<\/p>\n<p><strong>10:30<\/strong> <strong>oraz 15:30<\/strong>\u00a0<a href=\"http:\/\/ecn.kielce.pl\/index.php\/pl\/oferta\/osoby-indywidualne\/naukowe-urodziny\/\">naukowe urodziny<\/a><\/p>\n","protected":false},"excerpt":{"rendered":"<p>Drodzy Zwiedzaj\u0105cy, wracaj\u0105 sta\u0142e godziny zwiedzania naszego Centrum. Od 4 wrze\u015bnia obowi\u0105zuj\u0105 nast\u0119puj\u0105ce tury.<\/p>\n","protected":false},"author":2,"featured_media":4521,"comment_status":"closed","ping_status":"closed","sticky":false,"template":"","format":"standard","meta":{"_links_to":"","_links_to_target":""},"categories":[8,9],"tags":[191,181,173,311,193,171,231,233,195,199,179,148,261,144,201],"_links":{"self":[{"href":"https:\/\/ecn.kielce.pl\/index.php\/wp-json\/wp\/v2\/posts\/4519"}],"collection":[{"href":"https:\/\/ecn.kielce.pl\/index.php\/wp-json\/wp\/v2\/posts"}],"about":[{"href":"https:\/\/ecn.kielce.pl\/index.php\/wp-json\/wp\/v2\/types\/post"}],"author":[{"embeddable":true,"href":"https:\/\/ecn.kielce.pl\/index.php\/wp-json\/wp\/v2\/users\/2"}],"replies":[{"embeddable":true,"href":"https:\/\/ecn.kielce.pl\/index.php\/wp-json\/wp\/v2\/comments?post=4519"}],"version-history":[{"count":2,"href":"https:\/\/ecn.kielce.pl\/index.php\/wp-json\/wp\/v2\/posts\/4519\/revisions"}],"predecessor-version":[{"id":4522,"href":"https:\/\/ecn.kielce.pl\/index.php\/wp-json\/wp\/v2\/posts\/4519\/revisions\/4522"}],"wp:featuredmedia":[{"embeddable":true,"href":"https:\/\/ecn.kielce.pl\/index.php\/wp-json\/wp\/v2\/media\/4521"}],"wp:attachment":[{"href":"https:\/\/ecn.kielce.pl\/index.php\/wp-json\/wp\/v2\/media?parent=4519"}],"wp:term":[{"taxonomy":"category","embeddable":true,"href":"https:\/\/ecn.kielce.pl\/index.php\/wp-json\/wp\/v2\/categories?post=4519"},{"taxonomy":"post_tag","embeddable":true,"href":"https:\/\/ecn.kielce.pl\/index.php\/wp-json\/wp\/v2\/tags?post=4519"}],"curies":[{"name":"wp","href":"https:\/\/api.w.org\/{rel}","templated":true}]}}