{"id":4464,"date":"2018-08-23T14:55:17","date_gmt":"2018-08-23T12:55:17","guid":{"rendered":"http:\/\/ecn.kielce.pl\/?p=4464"},"modified":"2018-08-23T15:15:52","modified_gmt":"2018-08-23T13:15:52","slug":"zaprogramuj-sie-na-szkole-warsztaty-z-photonem-i-grupa-mac-s-a-energetyczne-centrum-nauki-kpt","status":"publish","type":"post","link":"https:\/\/ecn.kielce.pl\/index.php\/pl\/2018\/08\/23\/zaprogramuj-sie-na-szkole-warsztaty-z-photonem-i-grupa-mac-s-a-energetyczne-centrum-nauki-kpt\/","title":{"rendered":"Zaprogramuj si\u0119 na szko\u0142\u0119. Warsztaty z Photonem i Grup\u0105 MAC S.A."},"content":{"rendered":"<p style=\"text-align: justify;\"><strong>1 wrze\u015bnia, czyli pocz\u0105tek roku szkolnego, to czas nowych wyzwa\u0144 i kolejnych mo\u017cliwo\u015bci rozwoju. Zapraszamy na naukow\u0105 rozgrzewk\u0119 w Energetycznym Centrum Nauki KPT.<\/strong><!--more--><\/p>\n<hr \/>\n<p style=\"text-align: justify;\">Photona zna ju\u017c wiele os\u00f3b. To robot, kt\u00f3ry pomaga zg\u0142\u0119bia\u0107 tajniki programowania w \u0142atwy i intuicyjny spos\u00f3b. Uczy logicznego i analitycznego my\u015blenia, pobudza kreatywno\u015b\u0107 i otwiera umys\u0142y. Podczas zaj\u0119\u0107 uczestnicy wciel\u0105 si\u0119 w rol\u0119 nauczyciela Photona. Korzystaj\u0105c z tablet\u00f3w, wydadz\u0105 mu polecenia, kt\u00f3re b\u0119dzie mia\u0142 za zadanie wykonywa\u0107. Dzieci wyznacz\u0105 tras\u0119, jak\u0105 ma przeby\u0107 robot oraz zaobserwuj\u0105 dzia\u0142anie stworzonego przez siebie programu w praktyce. Uczestnicy zapoznaj\u0105 si\u0119 z trybem programowania blokowego oraz dowiedz\u0105 si\u0119 jak korzystanie z funkcji i p\u0119tli mo\u017ce u\u0142atwi\u0107 prac\u0119 programisty, a tak\u017ce jak tworzy\u0107 prosty i czytelny kod.<\/p>\n<p style=\"text-align: justify;\"><strong>Warsztaty odb\u0119d\u0105 si\u0119 1 wrze\u015bnia o godz. 13:00 oraz 14:00. Zaj\u0119cia trwaj\u0105 45 minut. Wst\u0119p jest <span style=\"text-decoration: underline;\">bezp\u0142atny<\/span>, ale obowi\u0105zuje <span style=\"text-decoration: underline;\">wcze\u015bniejsza rezerwacja<\/span> miejsc pod adresem <a href=\"mailto:rezerwacjeecn@technopark.kielce.pl\">rezerwacjeecn@technopark.kielce.pl<\/a>. Liczba miejsc ograniczona.<\/strong><\/p>\n<p style=\"text-align: justify;\">Ka\u017cde dziecko poni\u017cej 13 roku \u017cycia musi znajdowa\u0107 si\u0119 pod opiek\u0105 doros\u0142ego. Szczeg\u00f3\u0142owych informacji udzielamy pod nr 41 278 72 50.<\/p>\n<p style=\"text-align: justify;\"><strong>Zaj\u0119cia organizujemy wsp\u00f3lnie z\u00a0<a href=\"https:\/\/www.mac.pl\/\">Grup\u0105 MAC S.A.<\/a><\/strong><\/p>\n","protected":false},"excerpt":{"rendered":"<p>1 wrze\u015bnia, czyli pocz\u0105tek roku szkolnego, to czas nowych wyzwa\u0144 i kolejnych mo\u017cliwo\u015bci rozwoju. Zapraszamy na naukow\u0105 rozgrzewk\u0119 w Energetycznym Centrum Nauki KPT.<\/p>\n","protected":false},"author":2,"featured_media":4472,"comment_status":"closed","ping_status":"closed","sticky":false,"template":"","format":"standard","meta":{"_links_to":"","_links_to_target":""},"categories":[8,9],"tags":[],"_links":{"self":[{"href":"https:\/\/ecn.kielce.pl\/index.php\/wp-json\/wp\/v2\/posts\/4464"}],"collection":[{"href":"https:\/\/ecn.kielce.pl\/index.php\/wp-json\/wp\/v2\/posts"}],"about":[{"href":"https:\/\/ecn.kielce.pl\/index.php\/wp-json\/wp\/v2\/types\/post"}],"author":[{"embeddable":true,"href":"https:\/\/ecn.kielce.pl\/index.php\/wp-json\/wp\/v2\/users\/2"}],"replies":[{"embeddable":true,"href":"https:\/\/ecn.kielce.pl\/index.php\/wp-json\/wp\/v2\/comments?post=4464"}],"version-history":[{"count":3,"href":"https:\/\/ecn.kielce.pl\/index.php\/wp-json\/wp\/v2\/posts\/4464\/revisions"}],"predecessor-version":[{"id":4469,"href":"https:\/\/ecn.kielce.pl\/index.php\/wp-json\/wp\/v2\/posts\/4464\/revisions\/4469"}],"wp:featuredmedia":[{"embeddable":true,"href":"https:\/\/ecn.kielce.pl\/index.php\/wp-json\/wp\/v2\/media\/4472"}],"wp:attachment":[{"href":"https:\/\/ecn.kielce.pl\/index.php\/wp-json\/wp\/v2\/media?parent=4464"}],"wp:term":[{"taxonomy":"category","embeddable":true,"href":"https:\/\/ecn.kielce.pl\/index.php\/wp-json\/wp\/v2\/categories?post=4464"},{"taxonomy":"post_tag","embeddable":true,"href":"https:\/\/ecn.kielce.pl\/index.php\/wp-json\/wp\/v2\/tags?post=4464"}],"curies":[{"name":"wp","href":"https:\/\/api.w.org\/{rel}","templated":true}]}}