{"id":4389,"date":"2018-08-02T10:00:04","date_gmt":"2018-08-02T08:00:04","guid":{"rendered":"http:\/\/ecn.kielce.pl\/?p=4389"},"modified":"2018-08-02T15:22:13","modified_gmt":"2018-08-02T13:22:13","slug":"energetyczne-zakonczenie-wakacji-z-akademia-arte","status":"publish","type":"post","link":"https:\/\/ecn.kielce.pl\/index.php\/pl\/2018\/08\/02\/energetyczne-zakonczenie-wakacji-z-akademia-arte\/","title":{"rendered":"Energetyczne zako\u0144czenie wakacji z Akademi\u0105 Arte"},"content":{"rendered":"<p style=\"text-align: justify;\"><strong>Na wyj\u0105tkowe popo\u0142udnie w artystycznym klimacie i z udzia\u0142em znanych artyst\u00f3w zapraszamy w pi\u0105tkowe popo\u0142udnie 24 sierpnia. Wydarzenie zainauguruje otwarcie w Kielcach Akademii Arte \u017bory Korolyova <\/strong><!--more--><strong>i odb\u0119dzie si\u0119 w\u00a0Energetycznym Ogrodzie Do\u015bwiadcze\u0144.<\/strong><\/p>\n<hr \/>\n<p style=\"text-align: justify;\">Podczas wydarzenia taneczne warsztaty dla dzieci poprowadzi sam w\u0142a\u015bciciel akademii &#8211; \u017bora Korolyov, a wraz z nim inne popularne nazwiska &#8211; aktorka Olga Kalicka znana mi\u0119dzy innymi z takich produkcji jak \u201eRodzinka.pl\u201d, \u201ePrawo Agaty\u201d, \u201eM jak Mi\u0142o\u015b\u0107\u201d, finalistka programu \u201eTaniec z Gwiazdami\u201d, aktorka teatru \u201eKwadrat\u201d oraz prowadz\u0105ca nowe show taneczne \u201eThe World of Dance\u201d, aktorka Ewelina Bator, kt\u00f3ra zagra\u0142a w takich produkcjach jak \u201ePrzyjaci\u00f3\u0142ki\u201d, \u201eOjciec Mateusz\u201d czy \u201eDiagnoza\u201d, a tak\u017ce wokalista znany z programu \u201eThe Voice of Poland\u201d oraz \u201eX Factor\u201d Kacper Go\u0142da. Dla odwiedzaj\u0105cych przygotuj\u0105 r\u00f3wnie\u017c kilka niezapomnianych niespodzianek na scenie. W programie wyj\u0105tkowe pokazy akrobatyczne.<\/p>\n<p style=\"text-align: justify;\">Na uczestnik\u00f3w czeka\u0107 b\u0119dzie tak\u017ce strefa popularnonaukowa Energetycznego Centrum Nauki KPT. #dru\u017cynamocy zaprezentuje pokaz, po\u015bwi\u0119cony efektownym eksperymentom chemicznym. Dzieci b\u0119d\u0105 mog\u0142y dowiedzie\u0107 si\u0119 na czym polega reakcja egzotermiczna, do czego potrzebny jest katalizator czy te\u017c jak rozpali\u0107 ognisko bez zapa\u0142ek. Widzowie przekonaj\u0105 si\u0119, czy wyst\u0119py wsp\u00f3\u0142czesnych magik\u00f3w to czary, zr\u0119czno\u015bciowe triki, czy mo\u017ce\u2026 przemy\u015blane naukowe do\u015bwiadczenia! Nie zabraknie wielkich baniek mydlanych, gigantycznych puzzli z dr Glutkiem oraz energetycznych kolorowanek.<\/p>\n<p style=\"text-align: justify;\"><strong>A ju\u017c dzi\u015b za po\u015brednictwem strony <a href=\"http:\/\/akademiaarte.pl\/\">www.akademiaarte.pl<\/a> mo\u017cna zapisa\u0107 si\u0119 do Akademii. B\u0119dzie to mo\u017cliwe r\u00f3wnie\u017c podczas wydarzenia 24 sierpnia. Wsp\u00f3lne zako\u0144czenie wakacji rozpoczynamy o godz. 16:00.<\/strong><\/p>\n<hr \/>\n<p style=\"text-align: justify;\">\u017bora Korolyov to dyplomowany tancerz i choreograf, znany z licznych program\u00f3w telewizyjnych. Popularno\u015b\u0107 przyni\u00f3s\u0142 mu m.in. udzia\u0142 w programach \u201eTaniec z Gwiazdami\u201d oraz \u201eJak Oni \u015bpiewaj\u0105\u201d. Jego najwi\u0119ksz\u0105 pasj\u0105 jest taniec, jednak od wielu lat marzy, aby swoj\u0105 wiedz\u0105 i talentem podzieli\u0107 si\u0119 z innymi. Dzi\u015b spe\u0142nia swoje marzenia i mi\u0119dzy innymi w Kielcach otwiera Akademi\u0119 Arte, gdzie \u015bpiewu, ta\u0144ca, aktorstwa i akrobatyki naucza\u0107 b\u0119dzie wykwalifikowana kadra oraz sam \u017bora. Zaj\u0119cia (w wymiarze 4 godzin tygodniowo) prowadzone b\u0119d\u0105 dla dzieci od 6 roku i odbywa\u0107 si\u0119 b\u0119d\u0105 w Kieleckim Parku Technologicznym w weekendy. &#8211; <em>Nasz program jest autorski i polega na artystycznych zaj\u0119ciach grupowych, ale do ka\u017cdego dziecka mamy indywidualne podej\u015bcie. Fina\u0142em ka\u017cdego roku Akademii b\u0119dzie wystawiony musical na scenie oraz dyplom, kt\u00f3ry b\u0119dzie podzi\u0119kowaniem za zaanga\u017cowanie dzieci w spektakl<\/em> \u2013 m\u00f3wi \u017bora Korolyov.<\/p>\n<p style=\"text-align: justify;\">Wi\u0119cej informacji na stronie <a href=\"http:\/\/www.akademiaarte.pl\">www.akademiaarte.pl<\/a>.<\/p>\n","protected":false},"excerpt":{"rendered":"<p>Na wyj\u0105tkowe popo\u0142udnie w artystycznym klimacie i z udzia\u0142em znanych artyst\u00f3w zapraszamy w pi\u0105tkowe popo\u0142udnie 24 sierpnia. Wydarzenie zainauguruje otwarcie w Kielcach Akademii Arte \u017bory Korolyova<\/p>\n","protected":false},"author":2,"featured_media":4392,"comment_status":"closed","ping_status":"closed","sticky":false,"template":"","format":"standard","meta":{"_links_to":"","_links_to_target":""},"categories":[8,9],"tags":[491,191,181,173,311,193,495,171,175,231,233,195,199,493,179,261,489],"_links":{"self":[{"href":"https:\/\/ecn.kielce.pl\/index.php\/wp-json\/wp\/v2\/posts\/4389"}],"collection":[{"href":"https:\/\/ecn.kielce.pl\/index.php\/wp-json\/wp\/v2\/posts"}],"about":[{"href":"https:\/\/ecn.kielce.pl\/index.php\/wp-json\/wp\/v2\/types\/post"}],"author":[{"embeddable":true,"href":"https:\/\/ecn.kielce.pl\/index.php\/wp-json\/wp\/v2\/users\/2"}],"replies":[{"embeddable":true,"href":"https:\/\/ecn.kielce.pl\/index.php\/wp-json\/wp\/v2\/comments?post=4389"}],"version-history":[{"count":9,"href":"https:\/\/ecn.kielce.pl\/index.php\/wp-json\/wp\/v2\/posts\/4389\/revisions"}],"predecessor-version":[{"id":4419,"href":"https:\/\/ecn.kielce.pl\/index.php\/wp-json\/wp\/v2\/posts\/4389\/revisions\/4419"}],"wp:featuredmedia":[{"embeddable":true,"href":"https:\/\/ecn.kielce.pl\/index.php\/wp-json\/wp\/v2\/media\/4392"}],"wp:attachment":[{"href":"https:\/\/ecn.kielce.pl\/index.php\/wp-json\/wp\/v2\/media?parent=4389"}],"wp:term":[{"taxonomy":"category","embeddable":true,"href":"https:\/\/ecn.kielce.pl\/index.php\/wp-json\/wp\/v2\/categories?post=4389"},{"taxonomy":"post_tag","embeddable":true,"href":"https:\/\/ecn.kielce.pl\/index.php\/wp-json\/wp\/v2\/tags?post=4389"}],"curies":[{"name":"wp","href":"https:\/\/api.w.org\/{rel}","templated":true}]}}