{"id":4279,"date":"2018-05-25T11:30:27","date_gmt":"2018-05-25T09:30:27","guid":{"rendered":"http:\/\/ecn.kielce.pl\/?p=4279"},"modified":"2018-06-06T15:34:59","modified_gmt":"2018-06-06T13:34:59","slug":"familijna-sobota-w-ecn-czerwiec-2018","status":"publish","type":"post","link":"https:\/\/ecn.kielce.pl\/index.php\/pl\/2018\/05\/25\/familijna-sobota-w-ecn-czerwiec-2018\/","title":{"rendered":"Familijna sobota w ECN: czerwiec 2018"},"content":{"rendered":"<p style=\"text-align: justify;\"><strong>Jak\u00a0\u201ewidzi aparat\u201d? Czy mo\u017cna rysowa\u0107 \u015bwiat\u0142em, nie tylko kredkami?\u00a0<\/strong><strong>Przed Wami kolejne sobotnie familijne warsztaty w ECN.<\/strong><\/p>\n<p style=\"text-align: justify;\"><!--more--><\/p>\n<hr \/>\n<p style=\"text-align: justify;\"><strong><em>Mamo, tato, a dlaczego\u2026 aparat robi zdj\u0119cia?<\/em><\/strong><\/p>\n<p style=\"text-align: justify;\">&#8211; Mamo, a teraz roz\u0142\u00f3\u017c r\u0119ce i nie ruszaj si\u0119\u2026 &#8211; Jasio z przej\u0119ciem poucza mam\u0119, odrysowuj\u0105c jej cie\u0144 kred\u0105 na parkowej uliczce.<br \/>\n&#8211; Mamo! \u2013 nagle wyrywa si\u0119 roz\u017calona Kasia \u2013 Ca\u0142y czas jeste\u015b z Jasiem! Chod\u017a i zobacz co ja narysowa\u0142am!<br \/>\n&#8211; Ka\u015bka, nie przeszkadzaj! Tu si\u0119 tworzy prawdziwa sztuka! \u2013 odburkuje Jasio nie odrywaj\u0105c si\u0119 od swojego zadania.<br \/>\n&#8211; Prawdziwa sztuka to jest na mojej kartce papieru, a nie na chodniku! \u2013 nie wytrzymuje Kasia.<br \/>\n&#8211; Uspok\u00f3jcie si\u0119! \u2013 przerywa k\u0142\u00f3tni\u0119 mama \u2013 S\u0105 r\u00f3\u017cne techniki tworzenia obraz\u00f3w\u2026 kred\u0105, farb\u0105, kredkami, w\u0119glem, a nawet \u015bwiat\u0142em.<br \/>\n&#8211; Mo\u017cna rysowa\u0107 \u015bwiat\u0142em? \u2013 dopytuje zdumiona Kasia.<br \/>\n&#8211; U\u015bmiechnijcie si\u0119. Zrobimy jeszcze jeden obraz\u2026 \u2013 rozbawiona mama kieruje obiektyw w stron\u0119 zaskoczonych dzieci \u2013 Pstryk! Pstryk!<br \/>\n\u015awiat\u0142o od zawsze obecne w sztuce tworzy\u0142o przestrze\u0144 i klimat obrazu, a przenikaj\u0105c si\u0119 z cieniem dawa\u0142o efekt tr\u00f3jwymiarowo\u015bci. Si\u0119gaj\u0105c po aparat fotograficzny z regu\u0142y nie zastanawiamy si\u0119, dlaczego po naci\u015bni\u0119ciu guzika, w \u015brodku ma\u0142ego pude\u0142eczka powstaje wierna kopia tego, na co przed chwil\u0105 patrzyli\u015bmy. Zdumiewaj\u0105ce, ale i tu \u015bwiat\u0142o odgrywa g\u0142\u00f3wn\u0105 rol\u0119. Na zaj\u0119ciach dowiemy si\u0119, jak \u201ewidzi aparat\u201d i w czym jest podobny do cz\u0142owieka, narysujemy \u015bwiat\u0142em w\u0142asny rysunek i skonstruujemy miniaturowy prototyp aparatu fotograficznego.<\/p>\n<p style=\"text-align: justify;\">Na zaj\u0119cia <em>Mamo, tato, a dlaczego\u2026 aparat robi zdj\u0119cia?<\/em> zapraszamy 16 oraz 30 czerwca o godz. 13:00. Koszt udzia\u0142u w zaj\u0119ciach wynosi 8 z\u0142\/os. Zaj\u0119cia trwaj\u0105 45 minut. Bilety mo\u017cna kupi\u0107 przez stron\u0119 internetow\u0105 bilety.ecn.kielce.pl lub w kasach Centrum. Ka\u017cde dziecko poni\u017cej 13 roku \u017cycia musi znajdowa\u0107 si\u0119 pod opiek\u0105 doros\u0142ego opiekuna, kt\u00f3rego obowi\u0105zuje bilet wst\u0119pu.<\/p>\n<hr \/>\n<p style=\"text-align: justify;\"><em><strong>Szyfrogram<\/strong><\/em><\/p>\n<p style=\"text-align: justify;\">O godz. 14:00 odb\u0119dzie si\u0119 cykl <em>Szyfrogram<\/em>. To czas na samodzielne eksperymentowanie w laboratorium, najlepiej w grupie b\u0105d\u017a w gronie rodzinnym, bo przecie\u017c\u2026 co \u201ekilka\u201d g\u0142\u00f3w to nie jedna! Zaj\u0119cia polegaj\u0105 na wyborze przez uczestnik\u00f3w jednego z tajemniczych pude\u0142 i post\u0119powaniu wed\u0142ug za\u0142\u0105czonej do niego instrukcji. Dopiero po z\u0142amaniu szyfru uczestnicy dowiedz\u0105 si\u0119, jak wykorzysta\u0107 znalezione w pudle, pozornie niezwi\u0105zane ze sob\u0105 przedmioty, aby rozwik\u0142a\u0107 naukow\u0105 zagadk\u0119 i dowiedzie\u0107 si\u0119\u2026 kt\u00f3ry naukowiec wyprzedzi\u0142 ich w rozwi\u0105zaniu tego problemu i jak nazwa\u0142 swoje odkrycie. Uczestnicy \u201eSzyfrogramu\u201d wykonuj\u0105c zadania krok po kroku, w nietypowy spos\u00f3b poznaj\u0105 nierzadko skomplikowane prawa nauki czy techniki.<\/p>\n<p style=\"text-align: justify;\">Mi\u0142o\u015bnik\u00f3w \u0142amania kod\u00f3w i szyfr\u00f3w zapraszamy do rozwi\u0105zywania naukowych zagadek 16 oraz 30 czerwca o g. 14:00. Zaj\u0119cia trwaj\u0105 45 minut. Bilety mo\u017cna kupi\u0107 przez stron\u0119 internetow\u0105 bilety.ecn.kielce.pl lub w kasach Centrum. Ka\u017cde dziecko poni\u017cej 13 roku \u017cycia musi znajdowa\u0107 si\u0119 pod opiek\u0105 doros\u0142ego opiekuna, kt\u00f3rego obowi\u0105zuje bilet wst\u0119pu.<\/p>\n<hr \/>\n<p style=\"text-align: justify;\"><strong>Zwiedzanie wystawy <em>Energia<\/em><\/strong><\/p>\n<p style=\"text-align: justify;\">W ka\u017cd\u0105 sobot\u0119 zapraszamy tak\u017ce do zwiedzania wystawy. Wej\u015bcia na ekspozycj\u0119 odbywaj\u0105 si\u0119 o godz.: 11:00, 12:00, 13.00, 14.00, 15:00, 16:00, 17:00. Czas zwiedzania to 45 minut. Informacje na temat bilet\u00f3w dost\u0119pne s\u0105 <a href=\"http:\/\/ecn.kielce.pl\/index.php\/pl\/zaplanuj-wizyte\/ceny-biletow\/\">TUTAJ<\/a>. 2 czerwca nasz\u0105 wystaw\u0119 b\u0119dzie mo\u017cna zwiedzi\u0107 bezp\u0142atnie. Szczeg\u00f3\u0142y: <a href=\"http:\/\/ecn.kielce.pl\/index.php\/pl\/2018\/05\/04\/ecn-w-projekcie-kielce-raj-dla-dzieci\/\">TUTAJ<\/a>.<\/p>\n<hr \/>\n<p style=\"text-align: justify;\">Wszelkich informacji udzielamy pod nr 41 278 72 50 (w godzinach pracy Centrum).<\/p>\n","protected":false},"excerpt":{"rendered":"<p>Jak\u00a0\u201ewidzi aparat\u201d? Czy mo\u017cna rysowa\u0107 \u015bwiat\u0142em, nie tylko kredkami?\u00a0Przed Wami kolejne sobotnie familijne warsztaty w ECN.<\/p>\n","protected":false},"author":2,"featured_media":4281,"comment_status":"closed","ping_status":"closed","sticky":false,"template":"","format":"standard","meta":{"_links_to":"","_links_to_target":""},"categories":[8,9],"tags":[191,181,173,311,193,171,175,231,233,195,199,179,148,261,201],"_links":{"self":[{"href":"https:\/\/ecn.kielce.pl\/index.php\/wp-json\/wp\/v2\/posts\/4279"}],"collection":[{"href":"https:\/\/ecn.kielce.pl\/index.php\/wp-json\/wp\/v2\/posts"}],"about":[{"href":"https:\/\/ecn.kielce.pl\/index.php\/wp-json\/wp\/v2\/types\/post"}],"author":[{"embeddable":true,"href":"https:\/\/ecn.kielce.pl\/index.php\/wp-json\/wp\/v2\/users\/2"}],"replies":[{"embeddable":true,"href":"https:\/\/ecn.kielce.pl\/index.php\/wp-json\/wp\/v2\/comments?post=4279"}],"version-history":[{"count":5,"href":"https:\/\/ecn.kielce.pl\/index.php\/wp-json\/wp\/v2\/posts\/4279\/revisions"}],"predecessor-version":[{"id":4297,"href":"https:\/\/ecn.kielce.pl\/index.php\/wp-json\/wp\/v2\/posts\/4279\/revisions\/4297"}],"wp:featuredmedia":[{"embeddable":true,"href":"https:\/\/ecn.kielce.pl\/index.php\/wp-json\/wp\/v2\/media\/4281"}],"wp:attachment":[{"href":"https:\/\/ecn.kielce.pl\/index.php\/wp-json\/wp\/v2\/media?parent=4279"}],"wp:term":[{"taxonomy":"category","embeddable":true,"href":"https:\/\/ecn.kielce.pl\/index.php\/wp-json\/wp\/v2\/categories?post=4279"},{"taxonomy":"post_tag","embeddable":true,"href":"https:\/\/ecn.kielce.pl\/index.php\/wp-json\/wp\/v2\/tags?post=4279"}],"curies":[{"name":"wp","href":"https:\/\/api.w.org\/{rel}","templated":true}]}}