{"id":3691,"date":"2017-11-10T11:28:50","date_gmt":"2017-11-10T10:28:50","guid":{"rendered":"http:\/\/ecn.kielce.pl\/?p=3691"},"modified":"2017-11-10T11:28:50","modified_gmt":"2017-11-10T10:28:50","slug":"studenci-ujk-przygotuja-strategie-komunikacji-dla-ecn","status":"publish","type":"post","link":"https:\/\/ecn.kielce.pl\/index.php\/pl\/2017\/11\/10\/studenci-ujk-przygotuja-strategie-komunikacji-dla-ecn\/","title":{"rendered":"Studenci UJK przygotuj\u0105 strategi\u0119 komunikacji dla ECN"},"content":{"rendered":"<p style=\"text-align: justify;\"><strong>Studenci Uniwersytetu Jana Kochanowskiego przygotuj\u0105 strategi\u0119 komunikacji dla Energetycznego Centrum Nauki KPT. <\/strong><!--more--><\/p>\n<hr \/>\n<p style=\"text-align: justify;\">\n<p style=\"text-align: justify;\">Porozumienie o wsp\u00f3\u0142pracy podpisano w pi\u0105tek, 10 listopada, w Kieleckim Parku Technologicznym. Umowa dotyczy organizacji zaj\u0119\u0107 praktycznych dla student\u00f3w II roku dziennikarstwa i komunikacji spo\u0142ecznej o specjalno\u015bci wizerunek, promocja i reklama. Ich zadaniem b\u0119dzie przygotowanie gotowej do wdro\u017cenia i realizacji\u00a0 strategii komunikacji marki dla Energetycznego Centrum Nauki funkcjonuj\u0105cego w KPT.\u00a0 Pod okiem prowadz\u0105cej zaj\u0119cia Darii Malickiej, przejd\u0105 przez wszystkie etapy pracy agencji public relations &#8211; od przygotowania briefu, poprzez spotkania z klientem, zbadanie otoczenia konkurencyjnego a\u017c po zaproponowanie kompletnej strategii komunikacyjnej. \u2013 Poprzez ten projekt, zaj\u0119cia ze studentami b\u0119d\u0105 mia\u0142y efekt praktyczny. Studenci przygotuj\u0105 strategi\u0119, a p\u00f3\u017aniej, podczas sta\u017cu b\u0119d\u0105 osobi\u015bcie pracowa\u0107 nad jej wdro\u017ceniem \u2013 m\u00f3wi Daria Malicka.<\/p>\n<p style=\"text-align: justify;\">Dzi\u0119ki wsparciu ekspert\u00f3w z Agencji Informacyjnej PRESS SERVICE Monitoring medi\u00f3w studenci b\u0119d\u0105 mie\u0107 mo\u017cliwo\u015b\u0107 praktycznego wykorzystania narz\u0119dzia do monitorowania\u00a0 doniesie\u0144 na temat marki w mediach. Zaj\u0119cia b\u0119d\u0105 odbywa\u0107 si\u0119 przez semestr.<\/p>\n<p style=\"text-align: justify;\">&#8211; Ten projekt wpisuje si\u0119 w ide\u0119 kszta\u0142cenia na profilu praktycznym. To nie b\u0119d\u0105 czysto teoretyczne dzia\u0142ania, studenci wciel\u0105 si\u0119 w role pracownik\u00f3w firmy zajmuj\u0105cej si\u0119 PR-em. My\u015bl\u0119, \u017ce to dla nich bardzo dobra propozycja. Nie do\u015b\u0107, \u017ce si\u0119 ucz\u0105, to jeszcze mog\u0105 co\u015b zyska\u0107 \u2013 wyr\u00f3\u017cniaj\u0105ce si\u0119 osoby otrzymaj\u0105 propozycj\u0119 sta\u017cu. Jest to kolejna mo\u017cliwo\u015b\u0107 budowania swojego portfolio jeszcze w okresie studi\u00f3w \u2013 m\u00f3wi dr Tomasz Chrz\u0105stek, dyrektor Instytutu Dziennikarstwa i Informacji UJK.<\/p>\n<p style=\"text-align: justify;\">&#8211; Wsp\u00f3\u0142praca z uczelniami to nasza codzienno\u015b\u0107. Organizujemy dla student\u00f3w szkolenia, zach\u0119camy do rozwijania przedsi\u0119biorczych postaw, aran\u017cujemy dla nich spotkania z przedsi\u0119biorcami. Dzi\u0119ki naszemu zaanga\u017cowaniu wielu m\u0142odych ludzi mog\u0142o odby\u0107 sta\u017ce i praktyki w firmach, kt\u00f3re s\u0105 naszymi lokatorami. To w\u0142a\u015bnie wiedza praktyczna jest najwa\u017cniejsza. Dlatego teraz dajemy im kolejn\u0105 szans\u0119 na jej zdobycie.\u00a0 Opracowanie strategii komunikacji dla Energetycznego Centrum Nauki to praca na \u201e\u017cywej\u201d organizacji, kt\u00f3ra dzia\u0142a, ma swoj\u0105 pozycj\u0119, ale r\u00f3wnie\u017c problemy. To b\u0119dzie dla nich doskona\u0142a lekcja \u2013 komentuje Szymon Mazurkiewicz, dyrektor Kieleckiego Parku Technologicznego.<\/p>\n","protected":false},"excerpt":{"rendered":"<p>Studenci Uniwersytetu Jana Kochanowskiego przygotuj\u0105 strategi\u0119 komunikacji dla Energetycznego Centrum Nauki KPT.<\/p>\n","protected":false},"author":2,"featured_media":3693,"comment_status":"closed","ping_status":"closed","sticky":false,"template":"","format":"standard","meta":{"_links_to":"","_links_to_target":""},"categories":[8,9],"tags":[191,181,173,193,171,175,231,233,351,349,345,347,199,144],"_links":{"self":[{"href":"https:\/\/ecn.kielce.pl\/index.php\/wp-json\/wp\/v2\/posts\/3691"}],"collection":[{"href":"https:\/\/ecn.kielce.pl\/index.php\/wp-json\/wp\/v2\/posts"}],"about":[{"href":"https:\/\/ecn.kielce.pl\/index.php\/wp-json\/wp\/v2\/types\/post"}],"author":[{"embeddable":true,"href":"https:\/\/ecn.kielce.pl\/index.php\/wp-json\/wp\/v2\/users\/2"}],"replies":[{"embeddable":true,"href":"https:\/\/ecn.kielce.pl\/index.php\/wp-json\/wp\/v2\/comments?post=3691"}],"version-history":[{"count":2,"href":"https:\/\/ecn.kielce.pl\/index.php\/wp-json\/wp\/v2\/posts\/3691\/revisions"}],"predecessor-version":[{"id":3695,"href":"https:\/\/ecn.kielce.pl\/index.php\/wp-json\/wp\/v2\/posts\/3691\/revisions\/3695"}],"wp:featuredmedia":[{"embeddable":true,"href":"https:\/\/ecn.kielce.pl\/index.php\/wp-json\/wp\/v2\/media\/3693"}],"wp:attachment":[{"href":"https:\/\/ecn.kielce.pl\/index.php\/wp-json\/wp\/v2\/media?parent=3691"}],"wp:term":[{"taxonomy":"category","embeddable":true,"href":"https:\/\/ecn.kielce.pl\/index.php\/wp-json\/wp\/v2\/categories?post=3691"},{"taxonomy":"post_tag","embeddable":true,"href":"https:\/\/ecn.kielce.pl\/index.php\/wp-json\/wp\/v2\/tags?post=3691"}],"curies":[{"name":"wp","href":"https:\/\/api.w.org\/{rel}","templated":true}]}}