{"id":3499,"date":"2017-10-04T11:35:49","date_gmt":"2017-10-04T09:35:49","guid":{"rendered":"http:\/\/ecn.kielce.pl\/?p=3499"},"modified":"2017-10-04T11:35:49","modified_gmt":"2017-10-04T09:35:49","slug":"roboty-photon-w-energetycznym-centrum-nauki-kpt","status":"publish","type":"post","link":"https:\/\/ecn.kielce.pl\/index.php\/pl\/2017\/10\/04\/roboty-photon-w-energetycznym-centrum-nauki-kpt\/","title":{"rendered":"Roboty Photon w Energetycznym Centrum Nauki KPT"},"content":{"rendered":"<p style=\"text-align: justify;\"><strong>Warsztaty z programowania przy u\u017cyciu Photon\u00f3w ju\u017c od pa\u017adziernika\u00a0s\u0105 dost\u0119pne\u00a0w ofercie Energetycznego Centrum Nauki Kieleckiego Parku Technologicznego. To efekt porozumienia pomi\u0119dzy Grup\u0105 MAC i KPT.<\/strong><!--more--><\/p>\n<hr \/>\n<p style=\"text-align: justify;\">\n<p style=\"text-align: justify;\">Photon to ma\u0142y, interaktywny robot, sterowany za pomoc\u0105 aplikacji mobilnej. Dzi\u0119ki niemu dzieci mog\u0105 stawia\u0107 pierwsze kroki w nauce programowania, ucz\u0105c si\u0119 kodowania i logicznego my\u015blenia, od razu obserwuj\u0105c efekty swojej pracy. Kielecka firma z blisko 30-letnim do\u015bwiadczeniem, Grupa MAC S.A., zosta\u0142a wy\u0142\u0105cznym dystrybutorem robota Photon dla polskiej edukacji. W \u015brod\u0119, 4 pa\u017adziernika podpisano porozumienie wed\u0142ug kt\u00f3rego Photony wzbogac\u0105 ofert\u0119 Energetycznego Centrum Nauki KPT dla szk\u00f3\u0142.<\/p>\n<p style=\"text-align: justify;\">Szymon Mazurkiewicz, dyrektor Kieleckiego Parku Technologicznego podkre\u015bla, \u017ce Energetyczne Centrum Nauki KPT i Grup\u0119 MAC \u0142\u0105cz\u0105 wsp\u00f3lne cele. &#8211; <em>Zale\u017cy nam na promowaniu wiedzy, rozwijaniu kreatywno\u015bci, umiej\u0119tno\u015bci analitycznego i logicznego my\u015blenia u dzieci od najm\u0142odszych lat. Warsztaty\u00a0ruszaj\u0105 ju\u017c w pa\u017adzierniku. Oferta skierowana jest zar\u00f3wno do grup szkolnych, jak i os\u00f3b indywidualnych, a grupa docelowa to uczniowie kl. I-III oraz IV-VI<\/em> \u2013 m\u00f3wi Szymon Mazurkiewicz. Dodaje, \u017ce ECN chce r\u00f3wnie\u017c otworzy\u0107 specjalny popo\u0142udniowy kurs z programowania, kt\u00f3ry obejmowa\u0142 b\u0119dzie trzy etapy zaawansowania, a ko\u0144czy\u0142 si\u0119 b\u0119dzie wr\u0119czeniem certyfikat\u00f3w. &#8211; <em>W ramach naszej wsp\u00f3\u0142pracy zorganizujemy tak\u017ce szereg wydarze\u0144 specjalnych, w tym spotkania dla nauczycieli i konkurs dla szk\u00f3\u0142<\/em> \u2013 kontynuuje dyrektor KPT.<\/p>\n<p style=\"text-align: justify;\">&#8211; <em>Mamy nadziej\u0119, \u017ce pomys\u0142 warsztat\u00f3w z Photonem oka\u017ce si\u0119 strza\u0142em w dziesi\u0105tk\u0119, poniewa\u017c najnowsza podstawa programowa edukacji wczesnoszkolnej ju\u017c od wrze\u015bnia br. wprowadza elementy nauki programowania<\/em> \u2013 m\u00f3wi Grzegorz Kowalski, prezes Grupy MAC S.A., do kt\u00f3rej nale\u017cy uznane w\u015br\u00f3d nauczycieli wydawnictwo MAC Edukacja. &#8211; <em>Pami\u0119taj\u0105c o tym, \u017ce nadal tylko na polskim rynku brakuje 50 tysi\u0119cy programist\u00f3w, ka\u017cdy pomys\u0142 na popularyzacj\u0119 programowania jest na wag\u0119 z\u0142ota. Photon dostarczany do polskich szk\u00f3\u0142 przez nasze wydawnictwo doskonale wpisuje si\u0119 w potrzeby nie tylko edukacji, ale i rynku pracy<\/em> &#8211; dodaje.<\/p>\n<p style=\"text-align: justify;\">Warsztaty z programowania przy u\u017cyciu robot\u00f3w Photon s\u0105 cz\u0119\u015bci\u0105 najnowszej oferty ECN dla szk\u00f3\u0142. Ka\u017cdy z dni &#8211; od wtorku do pi\u0105tku &#8211; podzielony zosta\u0142 tematycznie. Zaj\u0119cia dotyczy\u0107 b\u0119d\u0105 r\u00f3\u017cnych dziedzin &#8211; biologii, fizyki, astronomii, czy techniki i konstrukcji. Czwartek to w\u0142a\u015bnie zaj\u0119cia z programowania. Z propozycji b\u0119d\u0105 mogli skorzysta\u0107 uczniowie z r\u00f3\u017cnych etap\u00f3w edukacyjnych.<\/p>\n<p style=\"text-align: justify;\">Wi\u0119cej o nauce programowania &#8211;\u00a0<a href=\"https:\/\/www.mac.pl\/programowanie\">https:\/\/www.mac.pl\/programowanie<\/a><\/p>\n","protected":false},"excerpt":{"rendered":"<p>Warsztaty z programowania przy u\u017cyciu Photon\u00f3w ju\u017c od pa\u017adziernika\u00a0s\u0105 dost\u0119pne\u00a0w ofercie Energetycznego Centrum Nauki Kieleckiego Parku Technologicznego. To efekt porozumienia pomi\u0119dzy Grup\u0105 MAC i KPT.<\/p>\n","protected":false},"author":2,"featured_media":3500,"comment_status":"closed","ping_status":"closed","sticky":false,"template":"","format":"standard","meta":{"_links_to":"","_links_to_target":""},"categories":[8,9],"tags":[191,181,173,193,171,317,175,231,233,315,183,195,313,307,199,179,148],"_links":{"self":[{"href":"https:\/\/ecn.kielce.pl\/index.php\/wp-json\/wp\/v2\/posts\/3499"}],"collection":[{"href":"https:\/\/ecn.kielce.pl\/index.php\/wp-json\/wp\/v2\/posts"}],"about":[{"href":"https:\/\/ecn.kielce.pl\/index.php\/wp-json\/wp\/v2\/types\/post"}],"author":[{"embeddable":true,"href":"https:\/\/ecn.kielce.pl\/index.php\/wp-json\/wp\/v2\/users\/2"}],"replies":[{"embeddable":true,"href":"https:\/\/ecn.kielce.pl\/index.php\/wp-json\/wp\/v2\/comments?post=3499"}],"version-history":[{"count":1,"href":"https:\/\/ecn.kielce.pl\/index.php\/wp-json\/wp\/v2\/posts\/3499\/revisions"}],"predecessor-version":[{"id":3502,"href":"https:\/\/ecn.kielce.pl\/index.php\/wp-json\/wp\/v2\/posts\/3499\/revisions\/3502"}],"wp:featuredmedia":[{"embeddable":true,"href":"https:\/\/ecn.kielce.pl\/index.php\/wp-json\/wp\/v2\/media\/3500"}],"wp:attachment":[{"href":"https:\/\/ecn.kielce.pl\/index.php\/wp-json\/wp\/v2\/media?parent=3499"}],"wp:term":[{"taxonomy":"category","embeddable":true,"href":"https:\/\/ecn.kielce.pl\/index.php\/wp-json\/wp\/v2\/categories?post=3499"},{"taxonomy":"post_tag","embeddable":true,"href":"https:\/\/ecn.kielce.pl\/index.php\/wp-json\/wp\/v2\/tags?post=3499"}],"curies":[{"name":"wp","href":"https:\/\/api.w.org\/{rel}","templated":true}]}}