{"id":3345,"date":"2017-09-01T13:45:51","date_gmt":"2017-09-01T11:45:51","guid":{"rendered":"http:\/\/ecn.kielce.pl\/?p=3345"},"modified":"2017-09-01T13:49:39","modified_gmt":"2017-09-01T11:49:39","slug":"energetyczne-centrum-nauki-kpt-oraz-komenda-miejska-policji-w-kielcach-zapraszaja-na-dzien-pierwszej-pomocy","status":"publish","type":"post","link":"https:\/\/ecn.kielce.pl\/index.php\/pl\/2017\/09\/01\/energetyczne-centrum-nauki-kpt-oraz-komenda-miejska-policji-w-kielcach-zapraszaja-na-dzien-pierwszej-pomocy\/","title":{"rendered":"Energetyczne Centrum Nauki KPT oraz Komenda Miejska Policji w Kielcach zapraszaj\u0105 na Dzie\u0144 Pierwszej Pomocy"},"content":{"rendered":"<p style=\"text-align: justify;\"><strong>W zwi\u0105zku ze \u015awiatowym Dniem Pierwszej Pomocy, kt\u00f3ry przypada 9 wrze\u015bnia, Policyjni Ratownicy Medyczni wsp\u00f3lnie z policjantami z Wydzia\u0142\u00f3w Prewencji i Ruchu Drogowego przeprowadz\u0105 w Energetycznym Centrum Nauki KPT warsztaty teoretyczne i praktyczne <\/strong><!--more--><strong>z zakresu udzielania pierwszej pomocy.<\/strong><\/p>\n<hr \/>\n<p style=\"text-align: justify;\">Porozmawiamy o bezpiecznej drodze do szko\u0142y, o tym jak si\u0119 zachowa\u0107 w sytuacji zagro\u017cenia, co zrobi\u0107 widz\u0105c wypadek, jak udzieli\u0107 pierwszej pomocy, nie szkodz\u0105c innym, a tak\u017ce o bezpiecze\u0144stwie osobistym w czasie wolnym. Dzieci b\u0119d\u0105 mog\u0142y wzi\u0105\u0107 udzia\u0142 w warsztatach praktycznych pt. \u201eUdziel pierwszej pomocy swojemu misiowi\u201d. Na uczestnik\u00f3w czeka r\u00f3wnie\u017c pokaz sprz\u0119tu ratowniczego oraz wyposa\u017cenia policji.<\/p>\n<p style=\"text-align: justify;\">Osoby bior\u0105ce udzia\u0142 w zaj\u0119ciach zapraszamy tak\u017ce do eksperymentowania na wystawie Energetycznego Centrum Nauki KPT. Spragnieni wyzwa\u0144 naukowych b\u0119d\u0105 mi\u0119li okazj\u0119 m.in. spr\u00f3bowa\u0107 uruchomi\u0107 si\u0142\u0105 w\u0142asnych mi\u0119\u015bni ko\u0142owr\u00f3t,\u00a0wa\u017c\u0105cy\u00a0ponad 750 kg, zatankowa\u0107 malucha, stoczy\u0107 wy\u015bcigi z pr\u0105dem w tle, wydoby\u0107 rop\u0119 naftow\u0105, czy te\u017c rywalizowa\u0107 na wodnej strzelnicy.<\/p>\n<hr \/>\n<p style=\"text-align: justify;\">Warsztaty kierowane s\u0105 do dzieci w wieku od 6 do 9 lat. Udzia\u0142 jest bezp\u0142atny, ale obowi\u0105zuje wcze\u015bniejsza rezerwacja miejsc pod nr 41\u00a0278 72 50. Zapraszamy klasy szkolne oraz osoby indywidualne 8 wrze\u015bnia 2017 r. na godz. 10:30 lub 12:30. Jedna grupa zaj\u0119ciowa (na jedn\u0105 tur\u0119 zwiedzania) mo\u017ce liczy\u0107 maksymalnie 50\u00a0os\u00f3b.<\/p>\n<p style=\"text-align: justify;\"><span style=\"text-decoration: underline;\">Uwaga! Na warsztaty ka\u017cde z dzieci powinno zabra\u0107 ze sob\u0105 misia-maskotk\u0119, kt\u00f3ry b\u0119dzie pomaga\u0142 na zaj\u0119ciach praktycznych.<\/span><\/p>\n","protected":false},"excerpt":{"rendered":"<p>W zwi\u0105zku ze \u015awiatowym Dniem Pierwszej Pomocy, kt\u00f3ry przypada 9 wrze\u015bnia, Policyjni Ratownicy Medyczni wsp\u00f3lnie z policjantami z Wydzia\u0142\u00f3w Prewencji i Ruchu Drogowego przeprowadz\u0105 w Energetycznym Centrum Nauki KPT warsztaty teoretyczne i praktyczne<\/p>\n","protected":false},"author":2,"featured_media":3346,"comment_status":"closed","ping_status":"closed","sticky":false,"template":"","format":"standard","meta":{"_links_to":"","_links_to_target":""},"categories":[8,9],"tags":[265,191,181,173,171,175,231,285,281,283,199,179,144,201],"_links":{"self":[{"href":"https:\/\/ecn.kielce.pl\/index.php\/wp-json\/wp\/v2\/posts\/3345"}],"collection":[{"href":"https:\/\/ecn.kielce.pl\/index.php\/wp-json\/wp\/v2\/posts"}],"about":[{"href":"https:\/\/ecn.kielce.pl\/index.php\/wp-json\/wp\/v2\/types\/post"}],"author":[{"embeddable":true,"href":"https:\/\/ecn.kielce.pl\/index.php\/wp-json\/wp\/v2\/users\/2"}],"replies":[{"embeddable":true,"href":"https:\/\/ecn.kielce.pl\/index.php\/wp-json\/wp\/v2\/comments?post=3345"}],"version-history":[{"count":6,"href":"https:\/\/ecn.kielce.pl\/index.php\/wp-json\/wp\/v2\/posts\/3345\/revisions"}],"predecessor-version":[{"id":3352,"href":"https:\/\/ecn.kielce.pl\/index.php\/wp-json\/wp\/v2\/posts\/3345\/revisions\/3352"}],"wp:featuredmedia":[{"embeddable":true,"href":"https:\/\/ecn.kielce.pl\/index.php\/wp-json\/wp\/v2\/media\/3346"}],"wp:attachment":[{"href":"https:\/\/ecn.kielce.pl\/index.php\/wp-json\/wp\/v2\/media?parent=3345"}],"wp:term":[{"taxonomy":"category","embeddable":true,"href":"https:\/\/ecn.kielce.pl\/index.php\/wp-json\/wp\/v2\/categories?post=3345"},{"taxonomy":"post_tag","embeddable":true,"href":"https:\/\/ecn.kielce.pl\/index.php\/wp-json\/wp\/v2\/tags?post=3345"}],"curies":[{"name":"wp","href":"https:\/\/api.w.org\/{rel}","templated":true}]}}