{"id":262,"date":"2016-04-12T18:40:59","date_gmt":"2016-04-12T16:40:59","guid":{"rendered":"\/?p=262"},"modified":"2016-09-03T15:53:13","modified_gmt":"2016-09-03T13:53:13","slug":"sobotnie-warsztaty-familijne","status":"publish","type":"post","link":"https:\/\/ecn.kielce.pl\/index.php\/pl\/2016\/04\/12\/sobotnie-warsztaty-familijne\/","title":{"rendered":"Familijne soboty w Energetycznym Centrum Nauki"},"content":{"rendered":"<p><strong>W ka\u017cd\u0105 sobot\u0119 zapraszamy ca\u0142e rodziny na familijne warsztaty do laboratorium &#8220;Generator Mocy&#8221;\u00a0po\u0142\u0105czone z eksperymentowaniem na wystawie &#8220;Energia&#8221;.<\/strong><\/p>\n<p><!--more--><\/p>\n<p>&nbsp;<\/p>\n<p style=\"text-align: justify;\">Weekendowe popo\u0142udnia to czas, kt\u00f3ry warto sp\u0119dza\u0107 z bliskimi. W rodzinnych warsztatach bior\u0105 udzia\u0142\u00a0dzieci wraz z opiekunami.\u00a0Przeprowadzaj\u0105c do\u015bwiadczenia ca\u0142a rodzina wsp\u00f3\u0142pracuje przeprowadzaj\u0105c do\u015bwiadczenia i bawi\u0105c si\u0119 nauk\u0105.<\/p>\n<p style=\"text-align: justify;\">Taki spos\u00f3b sp\u0119dzania wolnego czasu bardzo zbli\u017ca, a eksperymentowanie sprawia wszystkim &#8211; doros\u0142ym i dzieciom,\u00a0niebywa\u0142\u0105 frajd\u0119.<\/p>\n<p>Warsztaty po\u0142\u0105czone ze zwiedzaniem wystawy dla os\u00f3b indywidualnych odbywaj\u0105 si\u0119\u00a0<strong>w soboty o godz. 10.00 i 14.00, <\/strong>trwaj\u0105<strong> 90 minut.\u00a0<\/strong>S\u0105 kierowane do dzieci w wieku 6-14 lat.<\/p>\n<p>Koszt uczestnictwa (oferta dla os\u00f3b indywidualnych &#8211;\u00a0<em>wystawa+warsztaty)<\/em>\u00a0wynosi 15 z\u0142 od osoby.<\/p>\n<p>Bilety mo\u017cna kupi\u0107 \u00a0ju\u017c 14 dni przed planowan\u0105 wizyt\u0105 przez stron\u0119 <a href=\"https:\/\/bilety.ecn.kielce.pl\/\" target=\"_blank\">bilety.ecn.kielce.pl<\/a> lub w kasach Centrum.<\/p>\n<p><strong>Uwaga! W dniu wydarzenia bilety s\u0105 dost\u0119pne tylko w kasach.<\/strong><\/p>\n<p>&nbsp;<\/p>\n<p style=\"text-align: justify;\"><strong>AKTUALNE TEMATY WARSZTAT\u00d3W FAMILIJNYCH:<\/strong><\/p>\n<p style=\"text-align: justify;\"><strong>Wrzesie\u0144\u00a0<\/strong><span style=\"text-decoration: underline;\">\u201cWe\u017a g\u0142\u0119boki oddech i zach\u0142y\u015bnij si\u0119 wiedz\u0105\u201d + odcinek: UK\u0141AD ODDECHOWY<\/span><\/p>\n<p style=\"text-align: justify;\">Zaj\u0119cia b\u0119d\u0105 po\u015bwi\u0119cone tematowi uk\u0142adu oddechowego. Poznacie\u00a0budow\u0119 p\u0142uc i w\u0142asnor\u0119cznie wykonacie model obrazuj\u0105cy ich funkcjonowanie. Dowiecie si\u0119 tak\u017ce dlaczego warto oddycha\u0107 przez nos i czy elektryczne papierosy s\u0105 szkodliwe.<\/p>\n<p style=\"text-align: justify;\"><strong>Pa\u017adziernik:\u00a0<\/strong><span style=\"text-decoration: underline;\">\u201cNa pierwszy rzut\u2026OKO!\u201d + odcinek: OKO<\/span><strong><br \/>\n<\/strong><b><\/b><\/p>\n<p style=\"text-align: justify;\">Na czym polega proces widzenia i po co nam \u0142zy?<br \/>\nNa zaj\u0119ciach poznacie budow\u0119 oka oraz odkryjecie kilka z\u0142udze\u0144 optycznych, dzi\u0119ki kt\u00f3rym wykonacie magiczne sztuczki. Mamy Oko na oku<\/p>\n<p style=\"text-align: justify;\"><b>Listopad:<\/b>\u00a0<span style=\"text-decoration: underline;\">\u201cWs\u0142uchaj si\u0119 w g\u0142os serca\u2026\u201d + odcinek: SERCE<\/span><\/p>\n<p style=\"text-align: justify;\">Zaj\u0119cia dotycz\u0105 obiegu krwi w organizmie, funkcjonowania serca i jego budowy. Wszystko zostanie pokazane na \u201c\u017cywym\u201d przyk\u0142adzie.<br \/>\nDowiedz si\u0119 jak dzia\u0142a pompa, kt\u00f3r\u0105 masz w sobie.<\/p>\n<p style=\"text-align: justify;\"><strong>Grudzie\u0144:\u00a0<\/strong><span style=\"text-decoration: underline;\">\u201cRozgry\u017a receptory smaku\u201d + odcinek: Z\u0118BY<\/span><\/p>\n<p style=\"text-align: justify;\">ECN zaprasza na zaj\u0119cia dotycz\u0105ce kubk\u00f3w smakowych, j\u0119zyka oraz z\u0119b\u00f3w. Wspomnimy tak\u017ce o w\u0142a\u015bciwej higienie jamy ustnej.<br \/>\nBoisz si\u0119 dentysty? Te zaj\u0119cia s\u0105 skierowane w\u0142a\u015bnie do Ciebie.<\/p>\n<p style=\"text-align: justify;\"><strong>Stycze\u0144:\u00a0<\/strong><span style=\"text-decoration: underline;\">\u201cNadstaw ucha i nie daj si\u0119 oszuka\u0107\u201d + odcinek: UCHO<\/span><\/p>\n<p style=\"text-align: justify;\">Poznaj budow\u0119 ucha i dowiedz si\u0119 co ma z nim wsp\u00f3lnego m\u0142ot pneumatyczny.<br \/>\nWspomnimy tak\u017ce o istocie \u2026 d\u017awi\u0119ku, sprawdzimy, czy ucho potrafi oszuka\u0107 m\u00f3zg i skonstruujemy dziwaczny instrument muzyczny.<\/p>\n<hr \/>\n<p style=\"text-align: justify;\">\n<p style=\"text-align: justify;\">Uwaga! W zale\u017cno\u015bci od planu wydarze\u0144 specjalnych organizowanych w soboty, zaj\u0119cia z \u201cBy\u0142o sobie \u017cycie\u201d odbywaj\u0105 si\u0119 tylko w wybranych terminach (nie we wszystkie soboty danego miesi\u0105ca). Informacja o zmianach b\u0119dzie podawana na bie\u017c\u0105co.<\/p>\n<p style=\"text-align: justify;\"><strong>We wrze\u015bniu zaj\u0119cia z BS\u017b realizujemy w nast\u0119puj\u0105ce soboty: 17.09, 24.09.<\/strong><\/p>\n<p style=\"text-align: justify;\">Informacje na temat najnowszej oferty uzyskacie pod numerem: 41 278 72 50 (pon. \u2013 pt., w godz. 8 \u2013 15). Ch\u0119tnie odpowiemy na ka\u017cde pytanie.<\/p>\n<hr \/>\n<p style=\"text-align: justify;\">\n<p style=\"text-align: justify;\"><strong>Od po\u0142owy pa\u017adziernika 2016 roku sobotnie zaj\u0119cia o godzinie 14.00 b\u0119d\u0105 po\u015bwi\u0119cone nauce programowania. <\/strong><strong>Oferta warsztat\u00f3w ju\u017c wkr\u00f3tce!<\/strong><\/p>\n<p style=\"text-align: justify;\">\n<p>&nbsp;<\/p>\n<p>&nbsp;<\/p>\n","protected":false},"excerpt":{"rendered":"<p>W ka\u017cd\u0105 sobot\u0119 zapraszamy ca\u0142e rodziny na familijne warsztaty do laboratorium &#8220;Generator Mocy&#8221;\u00a0po\u0142\u0105czone z eksperymentowaniem na wystawie &#8220;Energia&#8221;.<\/p>\n","protected":false},"author":2,"featured_media":1844,"comment_status":"closed","ping_status":"closed","sticky":false,"template":"","format":"standard","meta":{"_links_to":"","_links_to_target":""},"categories":[8,9],"tags":[148],"_links":{"self":[{"href":"https:\/\/ecn.kielce.pl\/index.php\/wp-json\/wp\/v2\/posts\/262"}],"collection":[{"href":"https:\/\/ecn.kielce.pl\/index.php\/wp-json\/wp\/v2\/posts"}],"about":[{"href":"https:\/\/ecn.kielce.pl\/index.php\/wp-json\/wp\/v2\/types\/post"}],"author":[{"embeddable":true,"href":"https:\/\/ecn.kielce.pl\/index.php\/wp-json\/wp\/v2\/users\/2"}],"replies":[{"embeddable":true,"href":"https:\/\/ecn.kielce.pl\/index.php\/wp-json\/wp\/v2\/comments?post=262"}],"version-history":[{"count":27,"href":"https:\/\/ecn.kielce.pl\/index.php\/wp-json\/wp\/v2\/posts\/262\/revisions"}],"predecessor-version":[{"id":1993,"href":"https:\/\/ecn.kielce.pl\/index.php\/wp-json\/wp\/v2\/posts\/262\/revisions\/1993"}],"wp:featuredmedia":[{"embeddable":true,"href":"https:\/\/ecn.kielce.pl\/index.php\/wp-json\/wp\/v2\/media\/1844"}],"wp:attachment":[{"href":"https:\/\/ecn.kielce.pl\/index.php\/wp-json\/wp\/v2\/media?parent=262"}],"wp:term":[{"taxonomy":"category","embeddable":true,"href":"https:\/\/ecn.kielce.pl\/index.php\/wp-json\/wp\/v2\/categories?post=262"},{"taxonomy":"post_tag","embeddable":true,"href":"https:\/\/ecn.kielce.pl\/index.php\/wp-json\/wp\/v2\/tags?post=262"}],"curies":[{"name":"wp","href":"https:\/\/api.w.org\/{rel}","templated":true}]}}