{"id":2372,"date":"2016-12-05T12:17:20","date_gmt":"2016-12-05T11:17:20","guid":{"rendered":"http:\/\/ecn.kielce.pl\/?p=2372"},"modified":"2016-12-05T12:25:03","modified_gmt":"2016-12-05T11:25:03","slug":"zostan-konstruktorem-elektrowni-wyniki-konkursu","status":"publish","type":"post","link":"https:\/\/ecn.kielce.pl\/index.php\/pl\/2016\/12\/05\/zostan-konstruktorem-elektrowni-wyniki-konkursu\/","title":{"rendered":"Zosta\u0144 konstruktorem elektrowni &#8211; wyniki konkursu ekologicznego"},"content":{"rendered":"<h3 style=\"text-align: justify;\">Mamy zaszczyt og\u0142osi\u0107, \u017ce laureatami konkursu:\u00a0<strong>B\u0105d\u017a e(ko)nergetyczny i zosta\u0144 konstruktorem ekologicznej elektrowni! zostali:<\/strong><\/h3>\n<p><!--more--><\/p>\n<hr \/>\n<p><strong>I miejsce (klasy 0-III)<\/strong><\/p>\n<p style=\"text-align: justify;\">Szko\u0142a Podstawowa Nr 25 w Kielcach, klasa III b<\/p>\n<ol style=\"text-align: justify;\">\n<li>Maja Stokowiec<\/li>\n<li>Aleksandra Wilczy\u0144ska<\/li>\n<li>Julia Janicka<\/li>\n<li>Zuzanna Maj<\/li>\n<li>Nicola Balikowska<\/li>\n<\/ol>\n<p><strong>I miejsce (klasy IV-VI)<\/strong><\/p>\n<p style=\"text-align: justify;\">Szko\u0142a Podstawowa w Morawicy, klasa VI a<\/p>\n<ol style=\"text-align: justify;\">\n<li>Krzysztof Czwartosz<\/li>\n<li>Piotr Kuta<\/li>\n<\/ol>\n<p style=\"text-align: justify;\">Szko\u0142a Podstawowa nr 27 w Kielcach, klasa VI a<\/p>\n<ol style=\"text-align: justify;\">\n<li>Mateusz Petelicki<\/li>\n<li>Igor Czekaj<\/li>\n<\/ol>\n<p style=\"text-align: justify;\">Szko\u0142a Podstawowa w Skorzeszycach, klasa IV<\/p>\n<ol style=\"text-align: justify;\">\n<li>Kewin Wolski<\/li>\n<li>Izabela Huk<\/li>\n<li>Wiktoria Osuch<\/li>\n<\/ol>\n<p style=\"text-align: justify;\"><strong>II miejsce (klasy 0-III)\u00a0<\/strong><\/p>\n<p style=\"text-align: justify;\">Szko\u0142a Podstawowa Nr 25 w Kielcach, klasa III b<\/p>\n<ol style=\"text-align: justify;\">\n<li>Anna Adamczyk<\/li>\n<li>Wiktor Bekier<\/li>\n<li>Agata Brodowska<\/li>\n<li>Bartosz Lender<\/li>\n<li>Micha\u0142 Stokowiec<\/li>\n<\/ol>\n<p><strong>II miejsce (klasy IV-VI)<\/strong><\/p>\n<p style=\"text-align: justify;\">Szko\u0142a Podstawowa Nr 27 w Kielcach, klasa V a<\/p>\n<ol style=\"text-align: justify;\">\n<li>Marianka Soko\u0142owska<\/li>\n<li>Maciej Gierada<\/li>\n<li>Mateusz Kaczmarczyk<\/li>\n<li>Patryk Koperek<\/li>\n<li>Oskar Roszczypa\u0142a<\/li>\n<\/ol>\n<p style=\"text-align: justify;\"><strong>III miejsce\u00a0(klasy 0-III)<\/strong><\/p>\n<p style=\"text-align: justify;\">Szko\u0142a Podstawowa w Wolicy kl. II<\/p>\n<ol style=\"text-align: justify;\">\n<li>Wiktoria Piechota<\/li>\n<li>Nadia So\u0142tys<\/li>\n<li>Przemys\u0142aw Papka<\/li>\n<li>Daniel Grajek<\/li>\n<\/ol>\n<p style=\"text-align: justify;\">Szko\u0142a Podstawowa Nr 25 w Kielcach, kl. III b i I d<\/p>\n<ol style=\"text-align: justify;\">\n<li>Weronika Szypniewska<\/li>\n<li>Ada Ga\u0142at<\/li>\n<li>Dominika Ga\u0142a<\/li>\n<li>Zuzanna Ga\u0142a<\/li>\n<\/ol>\n<p style=\"text-align: justify;\">Zesp\u00f3\u0142 Szk\u00f3\u0142 w Krajnie, kl. III a<\/p>\n<ol style=\"text-align: justify;\">\n<li>Karol Jagu\u015b<\/li>\n<li>Andrzej Kuro\u015b<\/li>\n<li>Filip Cisak<\/li>\n<li>Maksymilian W\u0119glarczyk<\/li>\n<\/ol>\n<p style=\"text-align: justify;\">Szko\u0142a Podstawowa w Wolicy, kl. III<\/p>\n<ol style=\"text-align: justify;\">\n<li>Lena So\u0142tys<\/li>\n<li>Bart\u0142omiej Przygocki<\/li>\n<li>Kamila Ciecha\u0144ska<\/li>\n<li>Klaudia Knap<\/li>\n<li>Ma\u0142gorzata Kempa<\/li>\n<\/ol>\n<p><strong>III miejsce (klasy IV-VI)<\/strong><\/p>\n<p style=\"text-align: justify;\">Szko\u0142a Podstawowa w S\u0119dziszowie, kl. VI<\/p>\n<ol style=\"text-align: justify;\">\n<li>Magda Bana\u015b<\/li>\n<li>Karina Walczak<\/li>\n<li>Maja Nahajczuk<\/li>\n<li>Jan Ostrowski<\/li>\n<li>Krzysztof Mr\u00f3wka<\/li>\n<\/ol>\n<p style=\"text-align: justify;\">Zesp\u00f3\u0142 Szk\u00f3\u0142 w Krajnie, kl. V b<\/p>\n<ol style=\"text-align: justify;\">\n<li>Konrad Kuro\u015b<\/li>\n<li>Marcin Klimek<\/li>\n<li>Martyna Gaw\u0119cka<\/li>\n<li>Amelia Marzec<\/li>\n<\/ol>\n<p style=\"text-align: justify;\"><span style=\"text-decoration: underline;\">Uczniowie, kt\u00f3rzy otrzymali w konkursie miejsca punktowane (I, II i III) opr\u00f3cz nagr\u00f3d rzeczowych dostan\u0105\u00a0r\u00f3wnie\u017c zaproszenia na warsztaty popularnonaukowe dla swoich klas szkolnych.<\/span><\/p>\n<hr \/>\n<p style=\"text-align: justify;\">Komisja konkursowa przyzna\u0142a r\u00f3wnie\u017c <strong>WYR\u00d3\u017bNIENIA i nagrody rzeczowe<\/strong>:<\/p>\n<p style=\"text-align: justify;\">Szko\u0142a Podstawowa Nr 27 w Kielcach, kl. VI b: Rados\u0142aw Krawczyk, Micha\u0142 Spycha\u0142a, Jakub Szczecina.<\/p>\n<p style=\"text-align: justify;\">Szko\u0142a Podstawowa w \u0141opusznie, kl. VI b: Patryk Palacz, Piotr Czupry\u0144ski, Pawe\u0142 Czupry\u0144ski, Szymon Wawrzo\u0142a.<\/p>\n<p style=\"text-align: justify;\">Szko\u0142a Podstawowa w Makoszynie, kl. II: Agata Czarnecka, Aleksandra Durlej, Klaudia Kot, Wiktoria Ko\u0142buc, Weronika Ga\u0142ka.<\/p>\n<p style=\"text-align: justify;\">Szko\u0142a Podstawowa Nr 25 w Kielcach, kl. III d: Miko\u0142aj Mularczyk, Lucjan Szczepanek, Bartosz Pawlik.<\/p>\n<p style=\"text-align: justify;\">Akademicka Szko\u0142a Podstawowa w Kielcach: Zuzanna Moskal, Nikola Jarek, Kaja Krawczyk, Gabriela Zygulska.<\/p>\n<p style=\"text-align: justify;\">Szko\u0142a Podstawowa w M\u0105chocicach, kl. I: Piotr \u0141akomiec, Bartosz Mochocki, Ksawery Stachura, Bartosz Waldon.<\/p>\n<p style=\"text-align: justify;\">Szko\u0142a Podstawowa Nr 25 w Kielcach, kl. III c.: Anastazja Purska, Wiktoria Mr\u00f3z, Zuzanna Tobera, Karolina Mazur, Alicja Borowiecka.<\/p>\n<p style=\"text-align: justify;\">Szko\u0142a Podstawowa Nr 31 z Oddzia\u0142ami Integracyjnymi w Kielcach, klasa II: Nikola Baka, Zuzanna Czyszkowska, Wiktoria \u0106wiek, Lena Michta.<\/p>\n<p style=\"text-align: justify;\">Szko\u0142a Podstawowa Nr 25 w Kielcach, kl. II e: Natalia Bajerczak, Kinga Bartelik.<\/p>\n<p style=\"text-align: justify;\">Szko\u0142a Podstawowa Nr 12 w Kielcach, kl. II a: Miko\u0142aj Jarosz, Mateusz Matysek, Franek Walerski, Jakub Znojek.<\/p>\n<p style=\"text-align: justify;\">Szko\u0142a Podstawowa Nr 13 w Kielcach, kl. VI a: Wojciech Lichosik, Tomasz Karczewski, Adrian Sojka.<\/p>\n<p style=\"text-align: justify;\">Szko\u0142a Podstawowa w Rudzie, gm. \u0141ag\u00f3w, kl. VI: Borys Semiata, Benek Semiata, Wiktor \u015awierk, Krystian Pi\u0105tek.<\/p>\n<hr \/>\n<p style=\"text-align: justify;\">oraz\u00a0<strong>WYR\u00d3\u017bNIENIA<\/strong> <strong>SPECJALNE i nagrody rzeczowe\u00a0<\/strong>dla najm\u0142odszych uczestnik\u00f3w konkursu:<\/p>\n<p style=\"text-align: justify;\">Szko\u0142a Podstawowa Nr 27 w Kielcach, kl. 0: Igor Buczkowski, Oskar Jarnecki, Adam Rowi\u0144ski, Gucio Skalski.<\/p>\n<p style=\"text-align: justify;\">Szko\u0142a Podstawowa Nr 27 w Kielcach, kl. 0: Inga Ambro\u017cy, Dominika Milcarz, Iga Pietruszka, Nadia Szewczyk.<\/p>\n<hr \/>\n<p style=\"text-align: justify;\"><strong>Serdecznie zapraszamy laureat\u00f3w konkursu wraz z nauczycielami na uroczyste wr\u0119czenie nagr\u00f3d, kt\u00f3re odb\u0119dzie si\u0119:<\/strong><\/p>\n<p style=\"text-align: justify;\">30 listopada (\u015broda), godz.: 14.30 dla uczni\u00f3w klas 0-III<\/p>\n<p style=\"text-align: justify;\">1 grudnia (czwartek), godz.: 14.30 dla uczni\u00f3w klas IV-VI.<\/p>\n<p style=\"text-align: justify;\"><strong>GRATULUJEMY!!!<\/strong><\/p>\n<p style=\"text-align: justify;\">#dru\u017cynamocy<\/p>\n","protected":false},"excerpt":{"rendered":"<p>Mamy zaszczyt og\u0142osi\u0107, \u017ce laureatami konkursu:\u00a0B\u0105d\u017a e(ko)nergetyczny i zosta\u0144 konstruktorem ekologicznej elektrowni! zostali:<\/p>\n","protected":false},"author":2,"featured_media":2374,"comment_status":"closed","ping_status":"closed","sticky":false,"template":"","format":"standard","meta":{"_links_to":"","_links_to_target":""},"categories":[8,9],"tags":[],"_links":{"self":[{"href":"https:\/\/ecn.kielce.pl\/index.php\/wp-json\/wp\/v2\/posts\/2372"}],"collection":[{"href":"https:\/\/ecn.kielce.pl\/index.php\/wp-json\/wp\/v2\/posts"}],"about":[{"href":"https:\/\/ecn.kielce.pl\/index.php\/wp-json\/wp\/v2\/types\/post"}],"author":[{"embeddable":true,"href":"https:\/\/ecn.kielce.pl\/index.php\/wp-json\/wp\/v2\/users\/2"}],"replies":[{"embeddable":true,"href":"https:\/\/ecn.kielce.pl\/index.php\/wp-json\/wp\/v2\/comments?post=2372"}],"version-history":[{"count":2,"href":"https:\/\/ecn.kielce.pl\/index.php\/wp-json\/wp\/v2\/posts\/2372\/revisions"}],"predecessor-version":[{"id":2380,"href":"https:\/\/ecn.kielce.pl\/index.php\/wp-json\/wp\/v2\/posts\/2372\/revisions\/2380"}],"wp:featuredmedia":[{"embeddable":true,"href":"https:\/\/ecn.kielce.pl\/index.php\/wp-json\/wp\/v2\/media\/2374"}],"wp:attachment":[{"href":"https:\/\/ecn.kielce.pl\/index.php\/wp-json\/wp\/v2\/media?parent=2372"}],"wp:term":[{"taxonomy":"category","embeddable":true,"href":"https:\/\/ecn.kielce.pl\/index.php\/wp-json\/wp\/v2\/categories?post=2372"},{"taxonomy":"post_tag","embeddable":true,"href":"https:\/\/ecn.kielce.pl\/index.php\/wp-json\/wp\/v2\/tags?post=2372"}],"curies":[{"name":"wp","href":"https:\/\/api.w.org\/{rel}","templated":true}]}}