{"id":12789,"date":"2026-04-30T11:08:29","date_gmt":"2026-04-30T09:08:29","guid":{"rendered":"http:\/\/ecn.kielce.pl\/?p=12789"},"modified":"2026-04-30T11:08:30","modified_gmt":"2026-04-30T09:08:30","slug":"perfumologia-4","status":"publish","type":"post","link":"https:\/\/ecn.kielce.pl\/index.php\/pl\/2026\/04\/30\/perfumologia-4\/","title":{"rendered":"Perfumologia"},"content":{"rendered":"\n<p>Gdzie ko\u0144cz\u0105 si\u0119 moleku\u0142y, a zaczynaj\u0105 wspomnienia? &#x1f338;<br \/><br \/><\/p>\n\n\n\n<!--more-->\n\n\n\n<p data-path-to-node=\"3\">Zastanawiali\u015bcie si\u0119 kiedy\u015b, dlaczego jeden zapach potrafi w sekund\u0119 przenie\u015b\u0107 nas do najdalszych zak\u0105tk\u00f3w pami\u0119ci? Czy perfumy to tylko \u0142adna wo\u0144, czy mo\u017ce skomplikowana chemiczna uk\u0142adanka, kt\u00f3ra potrafi sterowa\u0107 naszymi emocjami?<\/p>\n<p data-path-to-node=\"4\">Zapraszamy na warsztaty <b data-path-to-node=\"4\" data-index-in-node=\"24\">\u201ePerfumologia\u201d<\/b>, podczas kt\u00f3rych zamienicie si\u0119 w profesjonalne \u201enosy\u201d i odkryjecie naukowe oblicze aromat\u00f3w!<\/p>\n<p data-path-to-node=\"5\"><b data-path-to-node=\"5\" data-index-in-node=\"0\">Sprawd\u017acie, co dla Was przygotowali\u015bmy &#x1f33a;<br \/><\/b>\u00b7 dowiecie si\u0119, kto pierwszy zamkn\u0105\u0142 zapachy w buteleczkach<br \/>\u00b7 sprawdzicie, jak nos \u201erozmawia\u201d z m\u00f3zgiem i dlaczego zapachy budz\u0105 uczucia<br \/>\u00b7 skomponujecie perfumy, kt\u00f3rych nie ma nikt inny na \u015bwiecie<br \/>&#8230;a to dopiero pocz\u0105tek tej aromatycznej przygody!<br \/><br \/>Do\u0142\u0105czcie do nas i poczujcie chemi\u0119 do nauki, kt\u00f3ra pachnie niesamowicie &#x2728;<br \/><br \/>Do zobaczenia w Energetycznym Centrum Nauki!<br \/><br \/>&#x1f4c5; 2-3 maja<br \/>&#x1f550; godz. 13:00<br \/>&#x1f4cd;\u00a0Energetyczne Centrum Nauki<br \/>&#x1f3ab; <a href=\"https:\/\/bilety.ecn.kielce.pl\/\">bilety<\/a><br \/>&#x1f449;&#x1f3fb; Warsztaty realizowane s\u0105 dzi\u0119ki naszemu Mecenasowi Nauki \u2013 Fundacji PGE<br \/><br \/><b data-path-to-node=\"5\" data-index-in-node=\"0\"><br \/><\/b><\/p>\n","protected":false},"excerpt":{"rendered":"<p>Gdzie ko\u0144cz\u0105 si\u0119 moleku\u0142y, a zaczynaj\u0105 wspomnienia? &#x1f338;<\/p>\n","protected":false},"author":4,"featured_media":12790,"comment_status":"closed","ping_status":"closed","sticky":false,"template":"","format":"standard","meta":{"_links_to":"","_links_to_target":""},"categories":[8,9],"tags":[],"_links":{"self":[{"href":"https:\/\/ecn.kielce.pl\/index.php\/wp-json\/wp\/v2\/posts\/12789"}],"collection":[{"href":"https:\/\/ecn.kielce.pl\/index.php\/wp-json\/wp\/v2\/posts"}],"about":[{"href":"https:\/\/ecn.kielce.pl\/index.php\/wp-json\/wp\/v2\/types\/post"}],"author":[{"embeddable":true,"href":"https:\/\/ecn.kielce.pl\/index.php\/wp-json\/wp\/v2\/users\/4"}],"replies":[{"embeddable":true,"href":"https:\/\/ecn.kielce.pl\/index.php\/wp-json\/wp\/v2\/comments?post=12789"}],"version-history":[{"count":1,"href":"https:\/\/ecn.kielce.pl\/index.php\/wp-json\/wp\/v2\/posts\/12789\/revisions"}],"predecessor-version":[{"id":12791,"href":"https:\/\/ecn.kielce.pl\/index.php\/wp-json\/wp\/v2\/posts\/12789\/revisions\/12791"}],"wp:featuredmedia":[{"embeddable":true,"href":"https:\/\/ecn.kielce.pl\/index.php\/wp-json\/wp\/v2\/media\/12790"}],"wp:attachment":[{"href":"https:\/\/ecn.kielce.pl\/index.php\/wp-json\/wp\/v2\/media?parent=12789"}],"wp:term":[{"taxonomy":"category","embeddable":true,"href":"https:\/\/ecn.kielce.pl\/index.php\/wp-json\/wp\/v2\/categories?post=12789"},{"taxonomy":"post_tag","embeddable":true,"href":"https:\/\/ecn.kielce.pl\/index.php\/wp-json\/wp\/v2\/tags?post=12789"}],"curies":[{"name":"wp","href":"https:\/\/api.w.org\/{rel}","templated":true}]}}