{"id":12782,"date":"2026-04-30T10:02:51","date_gmt":"2026-04-30T08:02:51","guid":{"rendered":"http:\/\/ecn.kielce.pl\/?p=12782"},"modified":"2026-04-30T10:02:52","modified_gmt":"2026-04-30T08:02:52","slug":"swiecace-w-ciemnosci-luminescencja-6","status":"publish","type":"post","link":"https:\/\/ecn.kielce.pl\/index.php\/pl\/2026\/04\/30\/swiecace-w-ciemnosci-luminescencja-6\/","title":{"rendered":"\u015awiec\u0105ce w ciemno\u015bci &#8211; Luminescencja"},"content":{"rendered":"\n<p>Magia czy nauka? Dlaczego to \u015bwieci? &#x1f914;<br \/><br \/><\/p>\n\n\n\n<!--more-->\n\n\n\n<p data-path-to-node=\"2\">Zastanawiali\u015bcie si\u0119 kiedy\u015b, dlaczego niekt\u00f3re rzeczy nagle rozb\u0142yskuj\u0105 w ciemno\u015bci, a pod lamp\u0105 UV zmieniaj\u0105 si\u0119 nie do poznania? Czy to \u015bwietlna sztuczka, czy fascynuj\u0105ca fizyka ukryta w kolorach?<\/p>\n<p data-path-to-node=\"3\">Zapraszamy na warsztaty pe\u0142ne blasku, podczas kt\u00f3rych wy\u0142\u0105czymy zwyk\u0142e \u015bwiat\u0142a, by odkry\u0107 tajemnice <b data-path-to-node=\"3\" data-index-in-node=\"100\">luminescencji<\/b>!<br \/><br \/>Sprawd\u017acie, co przygotowali\u015bmy &#x2728;<\/p>\n<p data-start=\"524\" data-end=\"582\">\u00b7 poznacie sekrety \u015bwiec\u0105cych ro\u015blin i zwierz\u0105t i nie tylko!<br \/>\u00b7 dowiecie si\u0119, jak dzia\u0142a \u015bwiat\u0142o ultrafioletowe i gdzie mo\u017cecie je spotka\u0107<br \/>\u00b7 wykonacie efektowne eksperymenty pe\u0142ne kolor\u00f3w i blasku,<br \/>\u00b7 stworzycie w\u0142asne, \u015bwiec\u0105ce pami\u0105tki<br \/>\u2026 i mn\u00f3stwo innych b\u0142yszcz\u0105cych niespodzianek, kt\u00f3re udowodni\u0105, \u017ce nauka jest po prostu ol\u015bniewaj\u0105ca! &#x26a1;<br \/><br \/>Do\u0142\u0105czcie do nas i zobaczcie \u015bwiat w zupe\u0142nie nowym \u015bwietle.<br \/><b data-path-to-node=\"8\" data-index-in-node=\"0\">Widzimy si\u0119 w Energetycznym Centrum Nauki!<br \/><br \/><\/b>&#x1f4c5; 1 maja<br \/>&#x1f550; godz. 13:00<br \/>&#x1f4cd;\u00a0Energetyczne Centrum Nauki<br \/>&#x1f3ab; <a href=\"https:\/\/bilety.ecn.kielce.pl\/\">bilety<\/a><br \/>&#x1f449;&#x1f3fb; Warsztaty realizowane s\u0105 dzi\u0119ki naszemu Mecenasowi Nauki \u2013 Fundacji PGE<b data-path-to-node=\"8\" data-index-in-node=\"0\"><br \/><\/b><\/p>\n","protected":false},"excerpt":{"rendered":"<p>Magia czy nauka? Dlaczego to \u015bwieci? &#x1f914;<\/p>\n","protected":false},"author":4,"featured_media":12783,"comment_status":"closed","ping_status":"closed","sticky":false,"template":"","format":"standard","meta":{"_links_to":"","_links_to_target":""},"categories":[8,9],"tags":[],"_links":{"self":[{"href":"https:\/\/ecn.kielce.pl\/index.php\/wp-json\/wp\/v2\/posts\/12782"}],"collection":[{"href":"https:\/\/ecn.kielce.pl\/index.php\/wp-json\/wp\/v2\/posts"}],"about":[{"href":"https:\/\/ecn.kielce.pl\/index.php\/wp-json\/wp\/v2\/types\/post"}],"author":[{"embeddable":true,"href":"https:\/\/ecn.kielce.pl\/index.php\/wp-json\/wp\/v2\/users\/4"}],"replies":[{"embeddable":true,"href":"https:\/\/ecn.kielce.pl\/index.php\/wp-json\/wp\/v2\/comments?post=12782"}],"version-history":[{"count":2,"href":"https:\/\/ecn.kielce.pl\/index.php\/wp-json\/wp\/v2\/posts\/12782\/revisions"}],"predecessor-version":[{"id":12788,"href":"https:\/\/ecn.kielce.pl\/index.php\/wp-json\/wp\/v2\/posts\/12782\/revisions\/12788"}],"wp:featuredmedia":[{"embeddable":true,"href":"https:\/\/ecn.kielce.pl\/index.php\/wp-json\/wp\/v2\/media\/12783"}],"wp:attachment":[{"href":"https:\/\/ecn.kielce.pl\/index.php\/wp-json\/wp\/v2\/media?parent=12782"}],"wp:term":[{"taxonomy":"category","embeddable":true,"href":"https:\/\/ecn.kielce.pl\/index.php\/wp-json\/wp\/v2\/categories?post=12782"},{"taxonomy":"post_tag","embeddable":true,"href":"https:\/\/ecn.kielce.pl\/index.php\/wp-json\/wp\/v2\/tags?post=12782"}],"curies":[{"name":"wp","href":"https:\/\/api.w.org\/{rel}","templated":true}]}}