{"id":12496,"date":"2025-11-28T10:00:00","date_gmt":"2025-11-28T09:00:00","guid":{"rendered":"http:\/\/ecn.kielce.pl\/?p=12496"},"modified":"2025-11-28T09:27:36","modified_gmt":"2025-11-28T08:27:36","slug":"harmonogram-warsztatow-w-grudniu","status":"publish","type":"post","link":"https:\/\/ecn.kielce.pl\/index.php\/pl\/2025\/11\/28\/harmonogram-warsztatow-w-grudniu\/","title":{"rendered":"Harmonogram warsztat\u00f3w w grudniu"},"content":{"rendered":"\n<p>Grudzie\u0144 w Energetycznym Centrum Nauki zapowiada si\u0119 zimowo i \u015bwi\u0105tecznie &#x2744;<\/p>\n\n\n\n<!--more-->\n\n\n\n<p>W grudniu, gdy dni staj\u0105 si\u0119 kr\u00f3tsze, u nas wci\u0105\u017c pe\u0142no \u015bwiat\u0142a, ciep\u0142a i pasji do nauki! &#x1f31f; <br \/><br \/>Zapraszamy Was serdecznie na \u015bwi\u0105teczne warsztaty, gdzie po\u0142\u0105czycie rado\u015b\u0107 z odkrywaniem nowych tajemnic. Czekaj\u0105 na Was kreatywne eksperymenty, zaskakuj\u0105ce ciekawostki i ca\u0142a masa zabawy dla ma\u0142ych i du\u017cych.<br \/><br \/>To doskona\u0142a okazja, by wsp\u00f3lnie z rodzin\u0105 odkrywa\u0107 tajemnice \u015bwi\u0105tecznych tradycji, eksperymentowa\u0107 z nauk\u0105 i tw\u00f3rczo sp\u0119dza\u0107 czas. Nie zabraknie zabawy, \u015bmiechu i inspiracji!<\/p>\n<p>Aktualny harmonogram grudniowych warsztat\u00f3w znajdziecie r\u00f3wnie\u017c na naszym facebooku i instagramie. \u015aled\u017acie nasze profile na bie\u017c\u0105co, aby nic Wam nie umkn\u0119\u0142o &#x1f609;<\/p>\n<p>Do zobaczenia w Energetycznym Centrum Nauki! &#x1f384;<br \/>\u00a0_________________________________<br \/>Warsztaty realizowane s\u0105 dzi\u0119ki naszemu Mecenasowi Nauki \u2013\u00a0<strong><a href=\"https:\/\/www.facebook.com\/fundacjapge?__cft__[0]=AZV6-Te6mSc8WCwJf_gdC1D-Dl08vE2n7owbkIUJFDG7o-BTsnZxvsBdBBR0m2GPfIh1-aRopTlPK6O1yeQsQemH0httoUOFgksA6ZFXRmZ54CA4XNyibNuDI23uYl9u9pZjbO_93SYdkMwzH8Y2-jR-O7C0TmlfgRpIsyghv2rZGeVAS_KxXw4NVwW1J5VgiFg&amp;__tn__=-]K-R\">Fundacja PGE<\/a><\/strong><\/p>\n","protected":false},"excerpt":{"rendered":"<p>Grudzie\u0144 w Energetycznym Centrum Nauki zapowiada si\u0119 zimowo i \u015bwi\u0105tecznie &#x2744;<\/p>\n","protected":false},"author":4,"featured_media":12497,"comment_status":"closed","ping_status":"closed","sticky":false,"template":"","format":"standard","meta":{"_links_to":"","_links_to_target":""},"categories":[8,9],"tags":[],"_links":{"self":[{"href":"https:\/\/ecn.kielce.pl\/index.php\/wp-json\/wp\/v2\/posts\/12496"}],"collection":[{"href":"https:\/\/ecn.kielce.pl\/index.php\/wp-json\/wp\/v2\/posts"}],"about":[{"href":"https:\/\/ecn.kielce.pl\/index.php\/wp-json\/wp\/v2\/types\/post"}],"author":[{"embeddable":true,"href":"https:\/\/ecn.kielce.pl\/index.php\/wp-json\/wp\/v2\/users\/4"}],"replies":[{"embeddable":true,"href":"https:\/\/ecn.kielce.pl\/index.php\/wp-json\/wp\/v2\/comments?post=12496"}],"version-history":[{"count":2,"href":"https:\/\/ecn.kielce.pl\/index.php\/wp-json\/wp\/v2\/posts\/12496\/revisions"}],"predecessor-version":[{"id":12499,"href":"https:\/\/ecn.kielce.pl\/index.php\/wp-json\/wp\/v2\/posts\/12496\/revisions\/12499"}],"wp:featuredmedia":[{"embeddable":true,"href":"https:\/\/ecn.kielce.pl\/index.php\/wp-json\/wp\/v2\/media\/12497"}],"wp:attachment":[{"href":"https:\/\/ecn.kielce.pl\/index.php\/wp-json\/wp\/v2\/media?parent=12496"}],"wp:term":[{"taxonomy":"category","embeddable":true,"href":"https:\/\/ecn.kielce.pl\/index.php\/wp-json\/wp\/v2\/categories?post=12496"},{"taxonomy":"post_tag","embeddable":true,"href":"https:\/\/ecn.kielce.pl\/index.php\/wp-json\/wp\/v2\/tags?post=12496"}],"curies":[{"name":"wp","href":"https:\/\/api.w.org\/{rel}","templated":true}]}}