{"id":12469,"date":"2025-10-31T12:30:00","date_gmt":"2025-10-31T11:30:00","guid":{"rendered":"http:\/\/ecn.kielce.pl\/?p=12469"},"modified":"2025-10-31T11:58:33","modified_gmt":"2025-10-31T10:58:33","slug":"swiecace-w-ciemnosci-luminescencja-2","status":"publish","type":"post","link":"https:\/\/ecn.kielce.pl\/index.php\/pl\/2025\/10\/31\/swiecace-w-ciemnosci-luminescencja-2\/","title":{"rendered":"\u015awiec\u0105ce w ciemno\u015bci &#8211; Luminescencja"},"content":{"rendered":"\n<p>Zanurkujcie w \u015bwiat, kt\u00f3ry \u015bwieci w ciemno\u015bci! &#x1f4ab;<\/p>\n\n\n\n<!--more-->\n\n\n\n<p>Na naszych warsztatach odkryjecie, jak nauka potrafi b\u0142yszcze\u0107 i to dos\u0142ownie.<br \/><br \/>Czeka na Was podr\u00f3\u017c do krainy luminescencji, gdzie kolory o\u017cywaj\u0105, a \u015bwiat\u0142o skrywa niejedn\u0105 tajemnic\u0119 &#x2728;<br \/><br \/>Zobaczcie, co dla Was przygotowali\u015bmy;<br \/><br \/>\u00b7 sprawdzicie, jak natura wykorzystuje zjawisko \u015bwiecenia<br \/>\u00b7 poznacie sekrety \u015bwiat\u0142a UV<br \/>\u00b7 wykonacie samodzielne do\u015bwiadczenia z r\u00f3\u017cnymi substancjami<br \/>\u00b7 zaprojektujecie dzie\u0142a, kt\u00f3re rozb\u0142ysn\u0105 w najwi\u0119kszej ciemno\u015bci<br \/>\u2026i wiele innych fascynuj\u0105cych eksperyment\u00f3w, kt\u00f3re poka\u017c\u0105, \u017ce to, co wygl\u0105da jak magia, jest czyst\u0105 nauk\u0105!<br \/><br \/>Przyjd\u017acie i przekonajcie si\u0119 sami, jak fascynuj\u0105co mo\u017ce wygl\u0105da\u0107 \u015bwiat\u0142o w naszym laboratorium!<br \/><br \/>Widzimy si\u0119 w centrum &#x1f387;<\/p>\n<p data-pm-slice=\"1 1 []\">&#x1f5d3;&#xfe0f; 2 listopada<br \/>&#x1f552; godz. 13:00<br \/>&#x1f4cd; Energetyczne Centrum Nauki<br \/>&#x1f3ab; <a href=\"https:\/\/bilety.ecn.kielce.pl\/\">https:\/\/bilety.ecn.kielce.pl\/<\/a><strong><br \/><\/strong>&#x1f449;&#x1f3fb; Warsztaty realizowane s\u0105 dzi\u0119ki naszemu Mecenasowi Nauki &#8211; Fundacji PGE<\/p>\n","protected":false},"excerpt":{"rendered":"<p>Zanurkujcie w \u015bwiat, kt\u00f3ry \u015bwieci w ciemno\u015bci! &#x1f4ab;<\/p>\n","protected":false},"author":4,"featured_media":12470,"comment_status":"closed","ping_status":"closed","sticky":false,"template":"","format":"standard","meta":{"_links_to":"","_links_to_target":""},"categories":[8,9],"tags":[],"_links":{"self":[{"href":"https:\/\/ecn.kielce.pl\/index.php\/wp-json\/wp\/v2\/posts\/12469"}],"collection":[{"href":"https:\/\/ecn.kielce.pl\/index.php\/wp-json\/wp\/v2\/posts"}],"about":[{"href":"https:\/\/ecn.kielce.pl\/index.php\/wp-json\/wp\/v2\/types\/post"}],"author":[{"embeddable":true,"href":"https:\/\/ecn.kielce.pl\/index.php\/wp-json\/wp\/v2\/users\/4"}],"replies":[{"embeddable":true,"href":"https:\/\/ecn.kielce.pl\/index.php\/wp-json\/wp\/v2\/comments?post=12469"}],"version-history":[{"count":2,"href":"https:\/\/ecn.kielce.pl\/index.php\/wp-json\/wp\/v2\/posts\/12469\/revisions"}],"predecessor-version":[{"id":12472,"href":"https:\/\/ecn.kielce.pl\/index.php\/wp-json\/wp\/v2\/posts\/12469\/revisions\/12472"}],"wp:featuredmedia":[{"embeddable":true,"href":"https:\/\/ecn.kielce.pl\/index.php\/wp-json\/wp\/v2\/media\/12470"}],"wp:attachment":[{"href":"https:\/\/ecn.kielce.pl\/index.php\/wp-json\/wp\/v2\/media?parent=12469"}],"wp:term":[{"taxonomy":"category","embeddable":true,"href":"https:\/\/ecn.kielce.pl\/index.php\/wp-json\/wp\/v2\/categories?post=12469"},{"taxonomy":"post_tag","embeddable":true,"href":"https:\/\/ecn.kielce.pl\/index.php\/wp-json\/wp\/v2\/tags?post=12469"}],"curies":[{"name":"wp","href":"https:\/\/api.w.org\/{rel}","templated":true}]}}