{"id":12422,"date":"2025-10-21T10:30:00","date_gmt":"2025-10-21T08:30:00","guid":{"rendered":"http:\/\/ecn.kielce.pl\/?p=12422"},"modified":"2025-10-21T09:49:12","modified_gmt":"2025-10-21T07:49:12","slug":"niska-emisja-wysokie-korzysci","status":"publish","type":"post","link":"https:\/\/ecn.kielce.pl\/index.php\/pl\/2025\/10\/21\/niska-emisja-wysokie-korzysci\/","title":{"rendered":"Niska emisja, wysokie korzy\u015bci"},"content":{"rendered":"\n<p data-pm-slice=\"1 1 []\">Czym jest niska emisja? I jak wp\u0142ywa na nasze \u017cycie? Je\u015bli chcecie dowiedzie\u0107 si\u0119, dlaczego to takie wa\u017cne, oraz jak ma\u0142e zmiany mog\u0105 prowadzi\u0107 do wielkich korzy\u015bci dla naszej planety, zapraszamy na warsztaty pe\u0142ne wiedzy, eksperyment\u00f3w i odkry\u0107 &#x1f331;<br \/><br \/><\/p>\n\n\n\n<!--more-->\n\n\n\n<p data-pm-slice=\"1 1 []\">Sobota z Mecenasem Nauki \u2013 Fundacj\u0105 PGE! &#x2b50;<\/p>\n<p data-pm-slice=\"1 1 []\">Ju\u017c w t\u0119 sobot\u0119 zapraszamy wszystkich m\u0142odszych i starszych odkrywc\u00f3w na <strong>darmowe warsztaty<\/strong> i <strong>darmowe zwiedzanie wystawy<\/strong>!<br \/><br \/><strong>Aby wzi\u0105\u0107 udzia\u0142 wystarczy:<\/strong><br \/>&#x1f343; pobra\u0107 wej\u015bci\u00f3wki z naszej strony internetowej<br \/>&#x1f343; przyj\u015b\u0107 do kasy naszego centrum<br \/>&#x1f343; zadzwoni\u0107 pod numer 41 278 72 50<\/p>\n<p>&#x2757; <strong>Przypominamy, \u017ce obowi\u0105zuje rezerwacja miejsc<\/strong> &#x2757;<br \/><br \/>Zobaczcie, co na Was czeka &#x2728;<br \/><br \/>\u00b7 Eksperymenty, kt\u00f3re poka\u017c\u0105, jak powietrze reaguje na r\u00f3\u017cne zjawiska<br \/>\u00b7 Odpowiemy sobie na pytanie: jak nasze codzienne wybory wp\u0142ywaj\u0105 na jako\u015b\u0107 powietrza<br \/>\u00b7 Sprawdzimy, jak radzi\u0107 sobie z py\u0142ami, smogiem i innymi zanieczyszczeniami szkodliwymi dla zdrowia<br \/>\u00b7 Poznamy odnawialne \u017ar\u00f3d\u0142a energii i ich rol\u0119 w walce o czystsze powietrze<br \/>&#8230;i wiele innych ekologicznych do\u015bwiadcze\u0144, kt\u00f3re zainspiruj\u0105 Was do dzia\u0142ania!<br \/><br \/>Z nami przekonacie si\u0119, \u017ce czyste powietrze to nie tylko has\u0142o, ale realna korzy\u015b\u0107 dla zdrowia, przyrody i naszej przysz\u0142o\u015bci &#x1f32c;<br \/><br \/>Do zobaczenia w sobot\u0119! &#x1f913;<br \/><br \/><img class=\"emoji\" role=\"img\" draggable=\"false\" src=\"https:\/\/s.w.org\/images\/core\/emoji\/13.0.1\/svg\/1f449-1f3fb.svg\" alt=\"&#x1f449;&#x1f3fb;\" \/>\u00a0Warsztaty realizowane s\u0105 dzi\u0119ki naszemu Mecenasowi Nauki\u00a0<a href=\"https:\/\/www.facebook.com\/fundacjapge\">Fundacji PGE<\/a><br \/><img class=\"emoji\" role=\"img\" draggable=\"false\" src=\"https:\/\/s.w.org\/images\/core\/emoji\/13.0.1\/svg\/1f4c5.svg\" alt=\"&#x1f4c5;\" \/> 25 pa\u017adziernika<br \/><img class=\"emoji\" role=\"img\" draggable=\"false\" src=\"https:\/\/s.w.org\/images\/core\/emoji\/13.0.1\/svg\/1f559.svg\" alt=\"&#x1f559;\" \/> o godz. 15:00<br \/><img class=\"emoji\" role=\"img\" draggable=\"false\" src=\"https:\/\/s.w.org\/images\/core\/emoji\/13.0.1\/svg\/1f4cc.svg\" alt=\"&#x1f4cc;\" \/> Energetyczne Centrum Nauki<br \/><img class=\"emoji\" role=\"img\" draggable=\"false\" src=\"https:\/\/s.w.org\/images\/core\/emoji\/13.0.1\/svg\/1f39f.svg\" alt=\"&#x1f39f;\" \/>\u00a0<a href=\"https:\/\/bilety.ecn.kielce.pl\/\">https:\/\/bilety.ecn.kielce.pl\/<\/a><\/p>\n","protected":false},"excerpt":{"rendered":"<p>Czym jest niska emisja? I jak wp\u0142ywa na nasze \u017cycie? Je\u015bli chcecie dowiedzie\u0107 si\u0119, dlaczego to takie wa\u017cne, oraz jak ma\u0142e zmiany mog\u0105 prowadzi\u0107 do wielkich korzy\u015bci dla naszej planety, zapraszamy na warsztaty pe\u0142ne wiedzy, eksperyment\u00f3w i odkry\u0107 &#x1f331;<\/p>\n","protected":false},"author":4,"featured_media":12423,"comment_status":"closed","ping_status":"closed","sticky":false,"template":"","format":"standard","meta":{"_links_to":"","_links_to_target":""},"categories":[8,9],"tags":[],"_links":{"self":[{"href":"https:\/\/ecn.kielce.pl\/index.php\/wp-json\/wp\/v2\/posts\/12422"}],"collection":[{"href":"https:\/\/ecn.kielce.pl\/index.php\/wp-json\/wp\/v2\/posts"}],"about":[{"href":"https:\/\/ecn.kielce.pl\/index.php\/wp-json\/wp\/v2\/types\/post"}],"author":[{"embeddable":true,"href":"https:\/\/ecn.kielce.pl\/index.php\/wp-json\/wp\/v2\/users\/4"}],"replies":[{"embeddable":true,"href":"https:\/\/ecn.kielce.pl\/index.php\/wp-json\/wp\/v2\/comments?post=12422"}],"version-history":[{"count":2,"href":"https:\/\/ecn.kielce.pl\/index.php\/wp-json\/wp\/v2\/posts\/12422\/revisions"}],"predecessor-version":[{"id":12509,"href":"https:\/\/ecn.kielce.pl\/index.php\/wp-json\/wp\/v2\/posts\/12422\/revisions\/12509"}],"wp:featuredmedia":[{"embeddable":true,"href":"https:\/\/ecn.kielce.pl\/index.php\/wp-json\/wp\/v2\/media\/12423"}],"wp:attachment":[{"href":"https:\/\/ecn.kielce.pl\/index.php\/wp-json\/wp\/v2\/media?parent=12422"}],"wp:term":[{"taxonomy":"category","embeddable":true,"href":"https:\/\/ecn.kielce.pl\/index.php\/wp-json\/wp\/v2\/categories?post=12422"},{"taxonomy":"post_tag","embeddable":true,"href":"https:\/\/ecn.kielce.pl\/index.php\/wp-json\/wp\/v2\/tags?post=12422"}],"curies":[{"name":"wp","href":"https:\/\/api.w.org\/{rel}","templated":true}]}}