{"id":12413,"date":"2025-10-15T12:35:31","date_gmt":"2025-10-15T10:35:31","guid":{"rendered":"http:\/\/ecn.kielce.pl\/?p=12413"},"modified":"2025-10-15T13:40:42","modified_gmt":"2025-10-15T11:40:42","slug":"wyposazenie-baz-edukacji-ekologicznej-dofinansowanie-przez-wfosigw-w-kielcach","status":"publish","type":"post","link":"https:\/\/ecn.kielce.pl\/index.php\/pl\/2025\/10\/15\/wyposazenie-baz-edukacji-ekologicznej-dofinansowanie-przez-wfosigw-w-kielcach\/","title":{"rendered":"Wyposa\u017cenie baz edukacji ekologicznej &#8211; dofinansowanie przez WFO\u015aiGW w Kielcach"},"content":{"rendered":"\n<p>Mamy dobr\u0105 wiadomo\u015b\u0107!<br><br>Kielecki Park Technologiczny realizuje projekt pn. \u201eWyposa\u017cenie baz edukacji ekologicznej\u201d, dofinansowany przez Wojew\u00f3dzki Fundusz Ochrony \u015arodowiska i Gospodarki Wodnej w Kielcach.<\/p>\n\n\n\n<!--more-->\n\n\n\n<p>W Energetycznym Centrum Nauki pojawi si\u0119 nowoczesne, interaktywne stanowisko, kt\u00f3re w przyst\u0119pny spos\u00f3b przybli\u017cy tematyk\u0119 energii s\u0142onecznej. Dodatkowo sala edukacyjna zostanie wzbogacona o nowe wyposa\u017cenie i pomoce dydaktyczne, kt\u00f3re u\u0142atwi\u0105 prowadzenie ciekawych zaj\u0119\u0107.<br \/><br \/>Cieszymy si\u0119, \u017ce dzi\u0119ki dotacji mo\u017cemy dalej rozwija\u0107 nasze dzia\u0142ania na rzecz kszta\u0142towania proekologicznych postaw w\u015br\u00f3d dzieci, m\u0142odzie\u017cy i doros\u0142ych w regionie \u015bwi\u0119tokrzyskim.<br \/><br \/>Projekt zosta\u0142 dofinansowany ze \u015brodk\u00f3w Wojew\u00f3dzkiego Funduszu Ochrony \u015arodowiska i Gospodarki Wodnej w Kielcach w wysoko\u015bci 5 000 z\u0142.<\/p>\n","protected":false},"excerpt":{"rendered":"<p>Mamy dobr\u0105 wiadomo\u015b\u0107! Kielecki Park Technologiczny realizuje projekt pn. \u201eWyposa\u017cenie baz edukacji ekologicznej\u201d, dofinansowany przez Wojew\u00f3dzki Fundusz Ochrony \u015arodowiska i Gospodarki Wodnej w Kielcach.<\/p>\n","protected":false},"author":4,"featured_media":12414,"comment_status":"closed","ping_status":"closed","sticky":true,"template":"","format":"standard","meta":{"_links_to":"","_links_to_target":""},"categories":[8,9],"tags":[],"_links":{"self":[{"href":"https:\/\/ecn.kielce.pl\/index.php\/wp-json\/wp\/v2\/posts\/12413"}],"collection":[{"href":"https:\/\/ecn.kielce.pl\/index.php\/wp-json\/wp\/v2\/posts"}],"about":[{"href":"https:\/\/ecn.kielce.pl\/index.php\/wp-json\/wp\/v2\/types\/post"}],"author":[{"embeddable":true,"href":"https:\/\/ecn.kielce.pl\/index.php\/wp-json\/wp\/v2\/users\/4"}],"replies":[{"embeddable":true,"href":"https:\/\/ecn.kielce.pl\/index.php\/wp-json\/wp\/v2\/comments?post=12413"}],"version-history":[{"count":3,"href":"https:\/\/ecn.kielce.pl\/index.php\/wp-json\/wp\/v2\/posts\/12413\/revisions"}],"predecessor-version":[{"id":12417,"href":"https:\/\/ecn.kielce.pl\/index.php\/wp-json\/wp\/v2\/posts\/12413\/revisions\/12417"}],"wp:featuredmedia":[{"embeddable":true,"href":"https:\/\/ecn.kielce.pl\/index.php\/wp-json\/wp\/v2\/media\/12414"}],"wp:attachment":[{"href":"https:\/\/ecn.kielce.pl\/index.php\/wp-json\/wp\/v2\/media?parent=12413"}],"wp:term":[{"taxonomy":"category","embeddable":true,"href":"https:\/\/ecn.kielce.pl\/index.php\/wp-json\/wp\/v2\/categories?post=12413"},{"taxonomy":"post_tag","embeddable":true,"href":"https:\/\/ecn.kielce.pl\/index.php\/wp-json\/wp\/v2\/tags?post=12413"}],"curies":[{"name":"wp","href":"https:\/\/api.w.org\/{rel}","templated":true}]}}