{"id":11804,"date":"2025-04-18T10:36:32","date_gmt":"2025-04-18T08:36:32","guid":{"rendered":"http:\/\/ecn.kielce.pl\/?p=11804"},"modified":"2025-05-08T09:52:18","modified_gmt":"2025-05-08T07:52:18","slug":"weekend-z-energia-swiecace-w-ciemnosci-luminescencja","status":"publish","type":"post","link":"https:\/\/ecn.kielce.pl\/index.php\/pl\/2025\/04\/18\/weekend-z-energia-swiecace-w-ciemnosci-luminescencja\/","title":{"rendered":"Weekend z Energi\u0105: \u201e\u015awiec\u0105ce w ciemno\u015bci \u2013 luminescencja\u201d"},"content":{"rendered":"\n<p>Warsztaty naukowe pe\u0142ne \u015bwiat\u0142a i naukowych odkry\u0107!<!--more--><\/p>\n\n\n\n<p class=\"\" data-start=\"273\" data-end=\"526\">W majowy weekend zapraszamy Was na niezwyk\u0142e warsztaty rodzinne, podczas kt\u00f3rych \u015bwiat\u0142o stanie si\u0119 bohaterem naukowej przygody! Poznamy zjawisko luminescencji \u2013 tajemnicze \u015bwiecenie materii w ciemno\u015bci \u2013 i sprawdzimy, jak po\u0142\u0105czy\u0107 nauk\u0119 z dobr\u0105 zabaw\u0105.<\/p>\n<h3 class=\"\" data-start=\"528\" data-end=\"544\">W programie:<\/h3>\n<p class=\"\" data-start=\"546\" data-end=\"1130\">&#x1f4a1; <strong data-start=\"549\" data-end=\"583\">Naukowe podstawy luminescencji<\/strong> \u2013 wsp\u00f3lnie odkryjemy, czym jest luminescencja, fluorescencja i fosforescencja. Dowiemy si\u0119, gdzie te zjawiska wyst\u0119puj\u0105 w przyrodzie i jak wykorzystuje je wsp\u00f3\u0142czesna technologia.<br data-start=\"763\" data-end=\"766\" \/>&#x1f52c; <strong data-start=\"769\" data-end=\"799\">Eksperymenty z efektem WOW<\/strong> \u2013 wykonamy zjawiskowe do\u015bwiadczenia: \u015bwiec\u0105ce mikstury, barwne reakcje chemiczne i efekty z u\u017cyciem \u015bwiat\u0142a UV.<br data-start=\"911\" data-end=\"914\" \/>&#x1f30c; <strong data-start=\"917\" data-end=\"942\">Chemia, kt\u00f3ra \u015bwieci!<\/strong> \u2013 uczestnicy stworz\u0105 w\u0142asne \u201e\u015bwietliste dzie\u0142a\u201d, kt\u00f3re zabior\u0105 ze sob\u0105 do domu.<br data-start=\"1022\" data-end=\"1025\" \/>&#x1f3a8; <strong data-start=\"1028\" data-end=\"1052\">Kreatywna strefa DIY<\/strong> \u2013 najm\u0142odsi b\u0119d\u0105 mogli wykona\u0107 dekoracje z elementami \u015bwiec\u0105cymi w ciemno\u015bci.<\/p>\n<p class=\"\" data-start=\"1132\" data-end=\"1272\">To idealna propozycja dla dzieci, m\u0142odzie\u017cy i ca\u0142ych rodzin \u2013 po\u0142\u0105czenie nauki, zabawy i kreatywno\u015bci. Warsztaty anga\u017cuj\u0105, ucz\u0105 i inspiruj\u0105!<\/p>\n<hr class=\"\" data-start=\"1274\" data-end=\"1277\" \/>\n<p class=\"\" data-start=\"1279\" data-end=\"1338\">&#x1f4c5; <strong data-start=\"1282\" data-end=\"1292\">Kiedy?<\/strong><br data-start=\"1292\" data-end=\"1295\" \/>10\u201311 maja 2025 r.<\/p>\n<p class=\"\" data-start=\"1340\" data-end=\"1414\">&#x1f4cd; <strong data-start=\"1343\" data-end=\"1353\">Gdzie?<\/strong><br data-start=\"1353\" data-end=\"1356\" \/>Energetyczne Centrum Nauki, Kielecki Park Technologiczny<\/p>\n","protected":false},"excerpt":{"rendered":"<p>Chemia, \u015bwiat\u0142o, magia<\/p>\n","protected":false},"author":2,"featured_media":11837,"comment_status":"closed","ping_status":"closed","sticky":false,"template":"","format":"standard","meta":{"_links_to":"","_links_to_target":""},"categories":[8,9],"tags":[],"_links":{"self":[{"href":"https:\/\/ecn.kielce.pl\/index.php\/wp-json\/wp\/v2\/posts\/11804"}],"collection":[{"href":"https:\/\/ecn.kielce.pl\/index.php\/wp-json\/wp\/v2\/posts"}],"about":[{"href":"https:\/\/ecn.kielce.pl\/index.php\/wp-json\/wp\/v2\/types\/post"}],"author":[{"embeddable":true,"href":"https:\/\/ecn.kielce.pl\/index.php\/wp-json\/wp\/v2\/users\/2"}],"replies":[{"embeddable":true,"href":"https:\/\/ecn.kielce.pl\/index.php\/wp-json\/wp\/v2\/comments?post=11804"}],"version-history":[{"count":1,"href":"https:\/\/ecn.kielce.pl\/index.php\/wp-json\/wp\/v2\/posts\/11804\/revisions"}],"predecessor-version":[{"id":11806,"href":"https:\/\/ecn.kielce.pl\/index.php\/wp-json\/wp\/v2\/posts\/11804\/revisions\/11806"}],"wp:featuredmedia":[{"embeddable":true,"href":"https:\/\/ecn.kielce.pl\/index.php\/wp-json\/wp\/v2\/media\/11837"}],"wp:attachment":[{"href":"https:\/\/ecn.kielce.pl\/index.php\/wp-json\/wp\/v2\/media?parent=11804"}],"wp:term":[{"taxonomy":"category","embeddable":true,"href":"https:\/\/ecn.kielce.pl\/index.php\/wp-json\/wp\/v2\/categories?post=11804"},{"taxonomy":"post_tag","embeddable":true,"href":"https:\/\/ecn.kielce.pl\/index.php\/wp-json\/wp\/v2\/tags?post=11804"}],"curies":[{"name":"wp","href":"https:\/\/api.w.org\/{rel}","templated":true}]}}