{"id":11632,"date":"2025-02-11T13:48:29","date_gmt":"2025-02-11T12:48:29","guid":{"rendered":"http:\/\/ecn.kielce.pl\/?p=11632"},"modified":"2025-02-11T13:55:04","modified_gmt":"2025-02-11T12:55:04","slug":"dzien-nauki-polskiej-warsztaty-polscy-naukowcy","status":"publish","type":"post","link":"https:\/\/ecn.kielce.pl\/index.php\/pl\/2025\/02\/11\/dzien-nauki-polskiej-warsztaty-polscy-naukowcy\/","title":{"rendered":"Dzie\u0144 Nauki Polskiej &#8211; warsztaty: Polscy Naukowcy"},"content":{"rendered":"\n<p>Dzie\u0144 Nauki Polskiej to \u015bwi\u0119to po\u015bwi\u0119cone wybitnym osi\u0105gni\u0119ciom polskich naukowc\u00f3w oraz roli nauki w rozwoju spo\u0142ecznym i gospodarczym. Obchodzone 19 lutego, w rocznic\u0119 urodzin Miko\u0142aja Kopernika, jest okazj\u0105 do docenienia wk\u0142adu polskich badaczy w \u015bwiatowy dorobek naukowy oraz inspiracj\u0105 dla przysz\u0142ych pokole\u0144 do odkrywania, eksperymentowania i poszerzania granic wiedzy.<!--more--><\/p>\n\n\n\n<p>Podczas warsztat\u00f3w, przygotowanych specjalnie z okazji Dnia Nauki Polskiej, uczestnicy poznaj\u0105 sylwetki wybitnych badaczy, takich jak Ignacego \u0141ukasiewicza, Mieczys\u0142awa Wolfke i Jana Czochralskiego, oraz ich wk\u0142adu w rozw\u00f3j nauki i techniki.<br>Wsp\u00f3lnie wykonamy do\u015bwiadczenia inspirowane pracami \u0141ukasiewicza, stworzymy hologramy przy u\u017cyciu luster i zbadamy procesy krystalizacji. <img loading=\"lazy\" height=\"16\" width=\"16\" alt=\"&#x1f4c5;\" src=\"https:\/\/static.xx.fbcdn.net\/images\/emoji.php\/v9\/t7e\/1\/16\/1f4c5.png\">Termin: 18 i 19 lutego 2025, godzina 13:00<br><img loading=\"lazy\" height=\"16\" width=\"16\" alt=\"&#x23f2;\" src=\"https:\/\/static.xx.fbcdn.net\/images\/emoji.php\/v9\/t36\/1\/16\/23f2.png\">Czas trwania: 45 minut<br><img loading=\"lazy\" height=\"16\" width=\"16\" alt=\"&#x1f5d2;\" src=\"https:\/\/static.xx.fbcdn.net\/images\/emoji.php\/v9\/tdb\/1\/16\/1f5d2.png\">Bilety: 25 z\u0142\/os<br>Bilety dost\u0119pne poprzez stron\u0119: <a rel=\"noreferrer noopener\" href=\"https:\/\/bilety.ecn.kielce.pl\/?fbclid=IwZXh0bgNhZW0CMTAAAR0Hb4EeFF1u2qxoP-ZAAavsY5QA1LCB1GP4XplfZFeE95xX8EbP9gdV-so_aem_V-1F5vVV6Oec6LPdiLDgiw\" target=\"_blank\">https:\/\/bilety.ecn.kielce.pl<\/a> lub w kasie Centrum.<br>Szczeg\u00f3\u0142y pod nr 41 278 72 50<\/p>\n","protected":false},"excerpt":{"rendered":"<p>Dzie\u0144 Nauki Polskiej to \u015bwi\u0119to po\u015bwi\u0119cone wybitnym osi\u0105gni\u0119ciom polskich naukowc\u00f3w oraz roli nauki w rozwoju spo\u0142ecznym i gospodarczym. Obchodzone 19 lutego, w rocznic\u0119 urodzin Miko\u0142aja Kopernika, jest okazj\u0105 do docenienia wk\u0142adu polskich badaczy w \u015bwiatowy dorobek naukowy oraz inspiracj\u0105 dla przysz\u0142ych pokole\u0144 do odkrywania, eksperymentowania i poszerzania granic wiedzy.<\/p>\n","protected":false},"author":2,"featured_media":11633,"comment_status":"closed","ping_status":"closed","sticky":false,"template":"","format":"standard","meta":{"_links_to":"","_links_to_target":""},"categories":[8,9],"tags":[],"_links":{"self":[{"href":"https:\/\/ecn.kielce.pl\/index.php\/wp-json\/wp\/v2\/posts\/11632"}],"collection":[{"href":"https:\/\/ecn.kielce.pl\/index.php\/wp-json\/wp\/v2\/posts"}],"about":[{"href":"https:\/\/ecn.kielce.pl\/index.php\/wp-json\/wp\/v2\/types\/post"}],"author":[{"embeddable":true,"href":"https:\/\/ecn.kielce.pl\/index.php\/wp-json\/wp\/v2\/users\/2"}],"replies":[{"embeddable":true,"href":"https:\/\/ecn.kielce.pl\/index.php\/wp-json\/wp\/v2\/comments?post=11632"}],"version-history":[{"count":1,"href":"https:\/\/ecn.kielce.pl\/index.php\/wp-json\/wp\/v2\/posts\/11632\/revisions"}],"predecessor-version":[{"id":11634,"href":"https:\/\/ecn.kielce.pl\/index.php\/wp-json\/wp\/v2\/posts\/11632\/revisions\/11634"}],"wp:featuredmedia":[{"embeddable":true,"href":"https:\/\/ecn.kielce.pl\/index.php\/wp-json\/wp\/v2\/media\/11633"}],"wp:attachment":[{"href":"https:\/\/ecn.kielce.pl\/index.php\/wp-json\/wp\/v2\/media?parent=11632"}],"wp:term":[{"taxonomy":"category","embeddable":true,"href":"https:\/\/ecn.kielce.pl\/index.php\/wp-json\/wp\/v2\/categories?post=11632"},{"taxonomy":"post_tag","embeddable":true,"href":"https:\/\/ecn.kielce.pl\/index.php\/wp-json\/wp\/v2\/tags?post=11632"}],"curies":[{"name":"wp","href":"https:\/\/api.w.org\/{rel}","templated":true}]}}