{"id":11608,"date":"2025-01-03T12:00:44","date_gmt":"2025-01-03T11:00:44","guid":{"rendered":"http:\/\/ecn.kielce.pl\/?p=11608"},"modified":"2025-01-03T12:00:46","modified_gmt":"2025-01-03T11:00:46","slug":"mala-ekologia-dla-globalnych-zmian-warsztaty-w-ramach-nocy-biologow-instytutu-biologii-ujk","status":"publish","type":"post","link":"https:\/\/ecn.kielce.pl\/index.php\/pl\/2025\/01\/03\/mala-ekologia-dla-globalnych-zmian-warsztaty-w-ramach-nocy-biologow-instytutu-biologii-ujk\/","title":{"rendered":"Ma\u0142a ekologia dla globalnych zmian, warsztaty w ramach Nocy Biolog\u00f3w Instytutu Biologii UJK"},"content":{"rendered":"\n<p>Zapraszamy na warsztaty w ramach Nocy Biolog\u00f3w organizowanej przez Instytut Biologii Uniwersytetu Jana Kochanowskiego w Kielcach.<\/p>\n\n\n\n<p><!--more--><\/p>\n<div class=\"x11i5rnm xat24cr x1mh8g0r x1vvkbs xtlvy1s\">Od sfer Ziemi (atmosfery, hydrosfery, biosfery, pedosfery, litosfery, antroposfery), a\u017c po ekosystemy- podczas warsztat\u00f3w M\u0142odzi Odkrywcy dowiedz\u0105 si\u0119 o zale\u017cno\u015bciach mi\u0119dzy \u015brodowiskiem o\u017cywionym i nieo\u017cywionym oraz o wp\u0142ywie dzia\u0142alno\u015bci cz\u0142owieka na nie wszystkie.<\/div>\n<div class=\"x11i5rnm xat24cr x1mh8g0r x1vvkbs xtlvy1s\">Razem przeprowadzimy szereg do\u015bwiadcze\u0144 dotycz\u0105cych zanieczyszcze\u0144 gleby, wody, powietrza, wp\u0142ywu kwa\u015bnych deszczy na \u015brodowisko oraz dzia\u0142ania promieniowania UV.<\/div>\n<div>\u00a0<\/div>\n<div class=\"x11i5rnm xat24cr x1mh8g0r x1vvkbs xtlvy1s\">Warsztaty s\u0105 darmowe a o mo\u017cliwo\u015bci zapisu powiadomimy wkr\u00f3tce! <span class=\"html-span xexx8yu x4uap5 x18d9i69 xkhd6sd x1hl2dhg x16tdsg8 x1vvkbs x3nfvp2 x1j61x8r x1fcty0u xdj266r xat24cr xgzva0m xhhsvwb xxymvpz xlup9mm x1kky2od\"><img loading=\"lazy\" class=\"xz74otr\" src=\"https:\/\/static.xx.fbcdn.net\/images\/emoji.php\/v9\/t7f\/1\/16\/1f60a.png\" alt=\"&#x1f60a;\" width=\"16\" height=\"16\" \/><\/span><\/div>\n<div class=\"x11i5rnm xat24cr x1mh8g0r x1vvkbs xtlvy1s\"><span class=\"html-span xexx8yu x4uap5 x18d9i69 xkhd6sd x1hl2dhg x16tdsg8 x1vvkbs x3nfvp2 x1j61x8r x1fcty0u xdj266r xat24cr xgzva0m xhhsvwb xxymvpz xlup9mm x1kky2od\"><img loading=\"lazy\" class=\"xz74otr\" src=\"https:\/\/static.xx.fbcdn.net\/images\/emoji.php\/v9\/t7e\/1\/16\/1f4c5.png\" alt=\"&#x1f4c5;\" width=\"16\" height=\"16\" \/><\/span>Termin: 10 stycznia 2025, godzina 16:30, 17:30, 18:30 i 19:30.<br class=\"html-br\" \/><span class=\"html-span xexx8yu x4uap5 x18d9i69 xkhd6sd x1hl2dhg x16tdsg8 x1vvkbs x3nfvp2 x1j61x8r x1fcty0u xdj266r xat24cr xgzva0m xhhsvwb xxymvpz xlup9mm x1kky2od\"><img loading=\"lazy\" class=\"xz74otr\" src=\"https:\/\/static.xx.fbcdn.net\/images\/emoji.php\/v9\/t36\/1\/16\/23f2.png\" alt=\"&#x23f2;\" width=\"16\" height=\"16\" \/><\/span>Czas trwania: 45 minut<br class=\"html-br\" \/><span class=\"html-span xexx8yu x4uap5 x18d9i69 xkhd6sd x1hl2dhg x16tdsg8 x1vvkbs x3nfvp2 x1j61x8r x1fcty0u xdj266r xat24cr xgzva0m xhhsvwb xxymvpz xlup9mm x1kky2od\"><img loading=\"lazy\" class=\"xz74otr\" src=\"https:\/\/static.xx.fbcdn.net\/images\/emoji.php\/v9\/tdb\/1\/16\/1f5d2.png\" alt=\"&#x1f5d2;\" width=\"16\" height=\"16\" \/><\/span>Bilety: bezp\u0142atne wej\u015bci\u00f3wki dost\u0119pne <a href=\"https:\/\/bilety.ecn.kielce.pl\/rezerwacja\/termin.html?idg=36&amp;miesiac=1&amp;rok=2025&amp;date_termin=2025-01-10\"><strong>tutaj<\/strong><\/a><\/div>\n<div class=\"x11i5rnm xat24cr x1mh8g0r x1vvkbs xtlvy1s\">\u00a0<\/div>\n<div class=\"x11i5rnm xat24cr x1mh8g0r x1vvkbs xtlvy1s\">\u00a0<\/div>\n<div class=\"x11i5rnm xat24cr x1mh8g0r x1vvkbs xtlvy1s\"><span class=\"html-span xexx8yu x4uap5 x18d9i69 xkhd6sd x1hl2dhg x16tdsg8 x1vvkbs x3nfvp2 x1j61x8r x1fcty0u xdj266r xat24cr xgzva0m xhhsvwb xxymvpz xlup9mm x1kky2od\"><img loading=\"lazy\" class=\"xz74otr\" src=\"https:\/\/static.xx.fbcdn.net\/images\/emoji.php\/v9\/t9b\/1\/16\/1f468_200d_1f469_200d_1f467_200d_1f466.png\" alt=\"&#x1f468;&#x200d;&#x1f469;&#x200d;&#x1f467;&#x200d;&#x1f466;\" width=\"16\" height=\"16\" \/><\/span>Warsztaty kierowane s\u0105 do dzieci od 6 roku \u017cycia razem z rodzicami\/opiekunami. Dzieci poni\u017cej 13 roku \u017cycia musz\u0105 znajdowa\u0107 si\u0119 pod opiek\u0105 doros\u0142ego, kt\u00f3rego obowi\u0105zuje bilet wst\u0119pu.<span class=\"html-span xexx8yu x4uap5 x18d9i69 xkhd6sd x1hl2dhg x16tdsg8 x1vvkbs x3nfvp2 x1j61x8r x1fcty0u xdj266r xat24cr xgzva0m xhhsvwb xxymvpz xlup9mm x1kky2od\"><img loading=\"lazy\" class=\"xz74otr\" src=\"https:\/\/static.xx.fbcdn.net\/images\/emoji.php\/v9\/td8\/1\/16\/1f39f.png\" alt=\"&#x1f39f;&#xfe0f;\" width=\"16\" height=\"16\" \/><\/span><br class=\"html-br\" \/><span class=\"html-span xexx8yu x4uap5 x18d9i69 xkhd6sd x1hl2dhg x16tdsg8 x1vvkbs x3nfvp2 x1j61x8r x1fcty0u xdj266r xat24cr xgzva0m xhhsvwb xxymvpz xlup9mm x1kky2od\"><img loading=\"lazy\" class=\"xz74otr\" src=\"https:\/\/static.xx.fbcdn.net\/images\/emoji.php\/v9\/t22\/1\/16\/260e.png\" alt=\"&#x260e;&#xfe0f;\" width=\"16\" height=\"16\" \/><\/span>Szczeg\u00f3\u0142y pod nr: 41 278 72 50<\/div>\n","protected":false},"excerpt":{"rendered":"<p>Zapraszamy na warsztaty w ramach Nocy Biolog\u00f3w organizowanej przez Instytut Biologii Uniwersytetu Jana Kochanowskiego w Kielcach.<\/p>\n","protected":false},"author":2,"featured_media":11609,"comment_status":"closed","ping_status":"closed","sticky":false,"template":"","format":"standard","meta":{"_links_to":"","_links_to_target":""},"categories":[8,9],"tags":[],"_links":{"self":[{"href":"https:\/\/ecn.kielce.pl\/index.php\/wp-json\/wp\/v2\/posts\/11608"}],"collection":[{"href":"https:\/\/ecn.kielce.pl\/index.php\/wp-json\/wp\/v2\/posts"}],"about":[{"href":"https:\/\/ecn.kielce.pl\/index.php\/wp-json\/wp\/v2\/types\/post"}],"author":[{"embeddable":true,"href":"https:\/\/ecn.kielce.pl\/index.php\/wp-json\/wp\/v2\/users\/2"}],"replies":[{"embeddable":true,"href":"https:\/\/ecn.kielce.pl\/index.php\/wp-json\/wp\/v2\/comments?post=11608"}],"version-history":[{"count":1,"href":"https:\/\/ecn.kielce.pl\/index.php\/wp-json\/wp\/v2\/posts\/11608\/revisions"}],"predecessor-version":[{"id":11610,"href":"https:\/\/ecn.kielce.pl\/index.php\/wp-json\/wp\/v2\/posts\/11608\/revisions\/11610"}],"wp:featuredmedia":[{"embeddable":true,"href":"https:\/\/ecn.kielce.pl\/index.php\/wp-json\/wp\/v2\/media\/11609"}],"wp:attachment":[{"href":"https:\/\/ecn.kielce.pl\/index.php\/wp-json\/wp\/v2\/media?parent=11608"}],"wp:term":[{"taxonomy":"category","embeddable":true,"href":"https:\/\/ecn.kielce.pl\/index.php\/wp-json\/wp\/v2\/categories?post=11608"},{"taxonomy":"post_tag","embeddable":true,"href":"https:\/\/ecn.kielce.pl\/index.php\/wp-json\/wp\/v2\/tags?post=11608"}],"curies":[{"name":"wp","href":"https:\/\/api.w.org\/{rel}","templated":true}]}}