{"id":11064,"date":"2024-06-05T11:13:16","date_gmt":"2024-06-05T09:13:16","guid":{"rendered":"http:\/\/ecn.kielce.pl\/?p=11064"},"modified":"2024-06-21T09:19:30","modified_gmt":"2024-06-21T07:19:30","slug":"warsztaty-familijne-dlaczego-tecza-jest-kolorowa-2","status":"publish","type":"post","link":"https:\/\/ecn.kielce.pl\/index.php\/pl\/2024\/06\/05\/warsztaty-familijne-dlaczego-tecza-jest-kolorowa-2\/","title":{"rendered":"Warsztaty familijne: Dlaczego t\u0119cza jest kolorowa?"},"content":{"rendered":"\n<h2><strong>Jak powstaje t\u0119cza i jakiego jest kszta\u0142tu? Czy t\u0119cza mo\u017ce mie\u0107 bli\u017aniczk\u0119 i czy mo\u017cna zobaczy\u0107 j\u0105 noc\u0105? <br \/><\/strong><\/h2>\n<p>T\u0119cza \u2013 jedno z najpi\u0119kniejszych zjawisk wyst\u0119puj\u0105cych w przyrodzie. W Starym Testamencie symbol przymierza Boga z cz\u0142owiekiem, wed\u0142ug irlandzkiej legendy na jej ko\u0144cu znajduje si\u0119 garniec z\u0142ota strze\u017cony przez skrzata Leprechauna. Czym w\u0142a\u015bciwie jest t\u0119cza i czemu zawdzi\u0119cza swe barwy? Jakie warunki musz\u0105 by\u0107 spe\u0142nione, aby zobaczy\u0107 j\u0105 na niebie? Czy sami mo\u017cemy wywo\u0142a\u0107 t\u0119cz\u0119? Odpowiedzi na te pytania poznacie na naszych warsztatach, samodzielnie wykonuj\u0105c kolorowe eksperymenty!<\/p>\n<p>Termin: <strong>8 i 9 czerwca 2024, godzina 13:00<\/strong><br \/>Czas trwania: <strong>45 minut.<\/strong><br \/>Koszt: <strong>25 z\u0142\/os<\/strong>.<br \/>Bilety dost\u0119pne poprzez stron\u0119: <a href=\"https:\/\/bilety.ecn.kielce.pl\/\">bilety.ecn.kielce.pl<\/a> lub w <strong>kasie Centrum<\/strong>.<\/p>\n<p>Warsztaty kierowane s\u0105 do dzieci od 6 roku \u017cycia razem z rodzicami\/opiekunami. Dzieci poni\u017cej 13 roku \u017cycia musz\u0105 znajdowa\u0107 si\u0119 pod opiek\u0105 doros\u0142ego opiekuna, kt\u00f3rego r\u00f3wnie\u017c obowi\u0105zuje bilet wst\u0119pu.<br \/>Szczeg\u00f3\u0142y pod nr 41 278 72 50.<\/p>\n<p>\u00a0<\/p>\n<p>\u00a0<\/p>\n","protected":false},"excerpt":{"rendered":"<p>Jak powstaje t\u0119cza i jakiego jest kszta\u0142tu? Czy t\u0119cza mo\u017ce mie\u0107 bli\u017aniczk\u0119 i czy mo\u017cna zobaczy\u0107 j\u0105 noc\u0105? Dowiedzcie si\u0119 na naszych warsztatach!<\/p>\n","protected":false},"author":2,"featured_media":11065,"comment_status":"closed","ping_status":"closed","sticky":false,"template":"","format":"standard","meta":{"_links_to":"","_links_to_target":""},"categories":[8],"tags":[],"_links":{"self":[{"href":"https:\/\/ecn.kielce.pl\/index.php\/wp-json\/wp\/v2\/posts\/11064"}],"collection":[{"href":"https:\/\/ecn.kielce.pl\/index.php\/wp-json\/wp\/v2\/posts"}],"about":[{"href":"https:\/\/ecn.kielce.pl\/index.php\/wp-json\/wp\/v2\/types\/post"}],"author":[{"embeddable":true,"href":"https:\/\/ecn.kielce.pl\/index.php\/wp-json\/wp\/v2\/users\/2"}],"replies":[{"embeddable":true,"href":"https:\/\/ecn.kielce.pl\/index.php\/wp-json\/wp\/v2\/comments?post=11064"}],"version-history":[{"count":1,"href":"https:\/\/ecn.kielce.pl\/index.php\/wp-json\/wp\/v2\/posts\/11064\/revisions"}],"predecessor-version":[{"id":11066,"href":"https:\/\/ecn.kielce.pl\/index.php\/wp-json\/wp\/v2\/posts\/11064\/revisions\/11066"}],"wp:featuredmedia":[{"embeddable":true,"href":"https:\/\/ecn.kielce.pl\/index.php\/wp-json\/wp\/v2\/media\/11065"}],"wp:attachment":[{"href":"https:\/\/ecn.kielce.pl\/index.php\/wp-json\/wp\/v2\/media?parent=11064"}],"wp:term":[{"taxonomy":"category","embeddable":true,"href":"https:\/\/ecn.kielce.pl\/index.php\/wp-json\/wp\/v2\/categories?post=11064"},{"taxonomy":"post_tag","embeddable":true,"href":"https:\/\/ecn.kielce.pl\/index.php\/wp-json\/wp\/v2\/tags?post=11064"}],"curies":[{"name":"wp","href":"https:\/\/api.w.org\/{rel}","templated":true}]}}