{"id":10542,"date":"2023-10-31T19:06:09","date_gmt":"2023-10-31T18:06:09","guid":{"rendered":"http:\/\/ecn.kielce.pl\/?p=10542"},"modified":"2023-10-31T19:16:39","modified_gmt":"2023-10-31T18:16:39","slug":"rodzinny-czas-w-ecn-industria-zapraszamy-2-listopada-02-11-2023","status":"publish","type":"post","link":"https:\/\/ecn.kielce.pl\/index.php\/pl\/2023\/10\/31\/rodzinny-czas-w-ecn-industria-zapraszamy-2-listopada-02-11-2023\/","title":{"rendered":"Rodzinny czas w ECN Industria. Zapraszamy 2 listopada"},"content":{"rendered":"\n<h2><strong>W czwartek, 2 listopada 2023, w naszym centrum b\u0119d\u0105 obowi\u0105zywa\u0107 zmienione tury zwiedzania i a\u017c dwa razy odb\u0119d\u0105 si\u0119 warsztaty \u201eMyde\u0142kowy zawr\u00f3t g\u0142owy\u201d. Zapraszamy serdecznie do sp\u0119dzenia rodzinnego czasu z nami.<\/strong><\/h2>\n<p><!--more--><\/p>\n<hr \/>\n<p><strong>ECN b\u0119dzie mo\u017cna zwiedza\u0107<\/strong> wg nast\u0119puj\u0105cych tur:<\/p>\n<p>09.00 \u2013 09.45 wystawa<br \/>10.00 \u2013 10.45 wystawa<br \/>11.00 \u2013 11.45 warsztaty\/wystawa<br \/>12.00 \u2013 12.45 wystawa<br \/>13.00 \u2013 13.45 warsztaty\/wystawa<br \/>14.00 \u2013 14.45 wystawa<br \/>15.00 \u2013 15.45 wystawa<\/p>\n<p>Dodatkowo, w tym dniu w ECN odb\u0119d\u0105 si\u0119 dwa razy, o <strong>g. 11:00 oraz 13:00<\/strong>, <strong>warsztaty \u201eMyde\u0142kowy zawr\u00f3t g\u0142owy\u201d<\/strong>. G\u0142\u00f3wnym bohaterem b\u0119dzie myd\u0142o, a nasi go\u015bcie warsztat\u00f3w stworz\u0105 w\u0142asne glicerynowe pachn\u0105ce myde\u0142ko, kt\u00f3re samodzielnie udekoruj\u0105 i zabior\u0105 do dom\u00f3w.<\/p>\n<p>Jaka jest historia myd\u0142a i jak powstaje? Dlaczego si\u0119 pieni? To tylko cz\u0119\u015b\u0107 z pyta\u0144, na kt\u00f3re odpowiedzi znajd\u0105 uczestnicy zaj\u0119\u0107. Przeprowadz\u0105 obserwacje i wykonaj\u0105 do\u015bwiadczenia, aby dowiedzie\u0107 si\u0119 co to jest napi\u0119cie powierzchniowe, z czego sk\u0142ada si\u0119 myd\u0142o, jak\u0105 ma budow\u0119 chemiczn\u0105 i dlaczego myje.<\/p>\n<p><strong>Zaj\u0119cia trwaj\u0105 45 minut.<\/strong> Warsztaty kierowane s\u0105 do dzieci od 6 roku \u017cycia razem z rodzicami\/opiekunami. Dzieci poni\u017cej 13 roku \u017cycia musz\u0105 znajdowa\u0107 si\u0119 pod opiek\u0105 doros\u0142ego opiekuna, kt\u00f3rego r\u00f3wnie\u017c obowi\u0105zuje bilet wst\u0119pu.<\/p>\n<p><strong>Bilety zar\u00f3wno na warsztaty, jak i zwiedzanie<\/strong>, mo\u017cna kupi\u0107 przez stron\u0119 internetow\u0105 <a href=\"https:\/\/bilety.ecn.kielce.pl\/\">bilety.ecn.kielce.pl<\/a> lub w kasie Centrum. W wypadku warsztat\u00f3w i wybrania opcji zakupu w kasie \u2013 zach\u0119camy wcze\u015bniej do sprawdzenia czy s\u0105 jeszcze wolne miejsca.<\/p>\n<p><strong>Szczeg\u00f3\u0142y pod nr 41 278 72 50.<\/strong><\/p>\n","protected":false},"excerpt":{"rendered":"<p>W czwartek, 2 listopada 2023, w naszym centrum b\u0119d\u0105 obowi\u0105zywa\u0107 zmienione tury zwiedzania i a\u017c dwa razy odb\u0119d\u0105 si\u0119 warsztaty \u201eMyde\u0142kowy zawr\u00f3t g\u0142owy\u201d. Zapraszamy serdecznie do sp\u0119dzenia rodzinnego czasu z nami.<\/p>\n","protected":false},"author":2,"featured_media":10546,"comment_status":"closed","ping_status":"closed","sticky":false,"template":"","format":"standard","meta":{"_links_to":"","_links_to_target":""},"categories":[8,9],"tags":[],"_links":{"self":[{"href":"https:\/\/ecn.kielce.pl\/index.php\/wp-json\/wp\/v2\/posts\/10542"}],"collection":[{"href":"https:\/\/ecn.kielce.pl\/index.php\/wp-json\/wp\/v2\/posts"}],"about":[{"href":"https:\/\/ecn.kielce.pl\/index.php\/wp-json\/wp\/v2\/types\/post"}],"author":[{"embeddable":true,"href":"https:\/\/ecn.kielce.pl\/index.php\/wp-json\/wp\/v2\/users\/2"}],"replies":[{"embeddable":true,"href":"https:\/\/ecn.kielce.pl\/index.php\/wp-json\/wp\/v2\/comments?post=10542"}],"version-history":[{"count":2,"href":"https:\/\/ecn.kielce.pl\/index.php\/wp-json\/wp\/v2\/posts\/10542\/revisions"}],"predecessor-version":[{"id":10554,"href":"https:\/\/ecn.kielce.pl\/index.php\/wp-json\/wp\/v2\/posts\/10542\/revisions\/10554"}],"wp:featuredmedia":[{"embeddable":true,"href":"https:\/\/ecn.kielce.pl\/index.php\/wp-json\/wp\/v2\/media\/10546"}],"wp:attachment":[{"href":"https:\/\/ecn.kielce.pl\/index.php\/wp-json\/wp\/v2\/media?parent=10542"}],"wp:term":[{"taxonomy":"category","embeddable":true,"href":"https:\/\/ecn.kielce.pl\/index.php\/wp-json\/wp\/v2\/categories?post=10542"},{"taxonomy":"post_tag","embeddable":true,"href":"https:\/\/ecn.kielce.pl\/index.php\/wp-json\/wp\/v2\/tags?post=10542"}],"curies":[{"name":"wp","href":"https:\/\/api.w.org\/{rel}","templated":true}]}}