{"id":10410,"date":"2023-09-18T08:15:00","date_gmt":"2023-09-18T06:15:00","guid":{"rendered":"http:\/\/ecn.kielce.pl\/?p=10410"},"modified":"2023-09-18T13:31:42","modified_gmt":"2023-09-18T11:31:42","slug":"energetyczne-centrum-nauki-industria-z-zespolowa-nagroda-za-popularyzacje-im-krzysztofa-ernsta","status":"publish","type":"post","link":"https:\/\/ecn.kielce.pl\/index.php\/pl\/2023\/09\/18\/energetyczne-centrum-nauki-industria-z-zespolowa-nagroda-za-popularyzacje-im-krzysztofa-ernsta\/","title":{"rendered":"Energetyczne Centrum Nauki Industria z zespo\u0142ow\u0105 nagrod\u0105 za Popularyzacj\u0119 im. Krzysztofa Ernsta"},"content":{"rendered":"\n<h2><strong>To nagroda dla ca\u0142ego zespo\u0142u realizuj\u0105cego dzia\u0142ania popularyzatorskie w ramach Roku Mieczys\u0142awa Wolfkego, kt\u00f3ry obchodzony by\u0142 w 2022 roku.<\/strong><\/h2>\n<p><!--more--><\/p>\n<hr \/>\n<p><strong>Medal za Popularyzacj\u0119 im. Krzysztofa Ernsta<\/strong> jest przyznawany za wybitn\u0105 dzia\u0142alno\u015b\u0107 popularnonaukow\u0105, tj. publikacj\u0119 artyku\u0142\u00f3w lub ksi\u0105\u017cek, wyk\u0142ady po\u015bwi\u0119cone fizyce, aktywno\u015b\u0107 w Internecie czy te\u017c organizacj\u0119 wydarze\u0144 zwi\u0105zanych z upowszechnianiem fizyki.<\/p>\n<p>&#8211; <em>Ta nagroda to wyj\u0105tkowe wyr\u00f3\u017cnienie dla zespo\u0142u ECN, ale tak\u017ce dla wszystkich, kt\u00f3rzy swoimi dzia\u0142aniami przyczynili si\u0119 do popularyzacji nauki i dzia\u0142alno\u015bci oraz odkry\u0107 wybitnego polskiego fizyka Mieczys\u0142awa Wolfkego<\/em> \u2013 podkre\u015bla Justyna Lichosik, Dyrektor Kieleckiego Parku Technologicznego.<\/p>\n<p><a href=\"https:\/\/wolfke.fizyka.pw.edu.pl\/\"><strong>Rok Mieczys\u0142awa Wolfkego<\/strong> <\/a>obchodzony by\u0142 w siedemdziesi\u0105t\u0105 pi\u0105t\u0105 rocznic\u0119 \u015bmierci tego fizyka, a tak\u017ce w setn\u0105 rocznic\u0119 mianowania go przez J\u00f3zefa Pi\u0142sudskiego profesorem Politechniki Warszawskiej. W ramach obchod\u00f3w w r\u00f3\u017cnych miejscach w Polsce realizowane by\u0142y dzia\u0142ania popularyzuj\u0105ce dokonania i osi\u0105gni\u0119cia naukowe Wolfkego, w\u015br\u00f3d kt\u00f3rych nale\u017cy wymieni\u0107 <strong>wynalezienie telektroskopu<\/strong> do przekazywania obraz\u00f3w na odleg\u0142o\u015b\u0107 za po\u015brednictwem fal elektromagnetycznych, <strong>lampy kadmowo-rt\u0119ciowej<\/strong>, metody zestalenia helu oraz dw\u00f3ch odmian ciek\u0142ego helu, a tak\u017ce <strong>opracowanie podstaw holografii<\/strong>. W ramach przedsi\u0119wzi\u0119cia odbywa\u0142y si\u0119 warsztaty, pokazy, pikniki oraz sympozja.<\/p>\n<p>Energetyczne Centrum Nauki Industria w\u0142\u0105czy\u0142o si\u0119 w obchody Roku Mieczys\u0142awa Wolfkego i zosta\u0142o partnerem wydarzenia. Opracowa\u0142o warsztaty <strong>\u201eHologram \u2013 kreatywna przestrze\u0144\u201d<\/strong>, podczas kt\u00f3rych mniejsi i wi\u0119ksi odkrywcy mieli mo\u017cliwo\u015b\u0107 nie tylko poznania osi\u0105gni\u0119\u0107 naukowych tego fizyka, ale tak\u017ce sami wykonywali hologram z materia\u0142\u00f3w, kt\u00f3re ka\u017cdy posiada w biurku. W Energetycznym Ogrodzie Do\u015bwiadcze\u0144 odby\u0142 si\u0119 piknik w ramach Kieleckiego Bud\u017cetu Obywatelskiego, podczas kt\u00f3rego reprezentanci zaanga\u017cowanych w organizacj\u0119 obchod\u00f3w Roku Mieczys\u0142awa Wolfkego (<strong>Politechniki Warszawskiej oraz Polskiego Towarzystwa Fizycznego<\/strong>) opowiedzieli o postaci i dokonaniach tego znakomitego fizyka. Zaprezentowali pokazy fizyczne, telewizj\u0119 mechaniczn\u0105 wg m\u0142odzie\u0144czego patentu Wolfkego, a tak\u017ce odby\u0142y si\u0119 pokazy fizyki sportu i wydolno\u015bci fizycznej.<\/p>\n<p>&#8211; <em>Otrzymane przez nas wyr\u00f3\u017cnienie jest tak\u017ce docenieniem pracy ca\u0142ego zespo\u0142u Energetycznego Centrum Nauki, kt\u00f3rego misj\u0105 jest edukacja poprzez zabaw\u0119 i samodzielne odkrywanie, pokazywanie odbiorcom ju\u017c od najm\u0142odszych lat pi\u0119kna i wyj\u0105tkowo\u015bci nauki. Medal Krzysztofa Ernsta, kt\u00f3ry otrzymali\u015bmy, jest tak\u017ce motywacj\u0105 do dalszego dzia\u0142ania i realizowania kolejnych projekt\u00f3w<\/em> \u2013 ko\u0144czy Justyna Lichosik.<\/p>\n","protected":false},"excerpt":{"rendered":"<p>To nagroda dla ca\u0142ego zespo\u0142u realizuj\u0105cego dzia\u0142ania popularyzatorskie w ramach Roku Mieczys\u0142awa Wolfkego, kt\u00f3ry obchodzony by\u0142 w 2022 roku.<\/p>\n","protected":false},"author":2,"featured_media":10419,"comment_status":"closed","ping_status":"closed","sticky":false,"template":"","format":"standard","meta":{"_links_to":"","_links_to_target":""},"categories":[8,9],"tags":[551,1007,1956,1516,1008,173,311,171,1905,1829,175,231,233,1964,1962,1966,195,1968,179,978,144],"_links":{"self":[{"href":"https:\/\/ecn.kielce.pl\/index.php\/wp-json\/wp\/v2\/posts\/10410"}],"collection":[{"href":"https:\/\/ecn.kielce.pl\/index.php\/wp-json\/wp\/v2\/posts"}],"about":[{"href":"https:\/\/ecn.kielce.pl\/index.php\/wp-json\/wp\/v2\/types\/post"}],"author":[{"embeddable":true,"href":"https:\/\/ecn.kielce.pl\/index.php\/wp-json\/wp\/v2\/users\/2"}],"replies":[{"embeddable":true,"href":"https:\/\/ecn.kielce.pl\/index.php\/wp-json\/wp\/v2\/comments?post=10410"}],"version-history":[{"count":2,"href":"https:\/\/ecn.kielce.pl\/index.php\/wp-json\/wp\/v2\/posts\/10410\/revisions"}],"predecessor-version":[{"id":10417,"href":"https:\/\/ecn.kielce.pl\/index.php\/wp-json\/wp\/v2\/posts\/10410\/revisions\/10417"}],"wp:featuredmedia":[{"embeddable":true,"href":"https:\/\/ecn.kielce.pl\/index.php\/wp-json\/wp\/v2\/media\/10419"}],"wp:attachment":[{"href":"https:\/\/ecn.kielce.pl\/index.php\/wp-json\/wp\/v2\/media?parent=10410"}],"wp:term":[{"taxonomy":"category","embeddable":true,"href":"https:\/\/ecn.kielce.pl\/index.php\/wp-json\/wp\/v2\/categories?post=10410"},{"taxonomy":"post_tag","embeddable":true,"href":"https:\/\/ecn.kielce.pl\/index.php\/wp-json\/wp\/v2\/tags?post=10410"}],"curies":[{"name":"wp","href":"https:\/\/api.w.org\/{rel}","templated":true}]}}