{"id":10358,"date":"2023-08-28T15:18:20","date_gmt":"2023-08-28T13:18:20","guid":{"rendered":"http:\/\/ecn.kielce.pl\/?p=10358"},"modified":"2023-09-21T11:42:32","modified_gmt":"2023-09-21T09:42:32","slug":"swietujemy-dzien-chlopaka-warsztaty-familijne-luminescencja-swiecace-w-ciemnosci-30-09-01-10-2023","status":"publish","type":"post","link":"https:\/\/ecn.kielce.pl\/index.php\/pl\/2023\/08\/28\/swietujemy-dzien-chlopaka-warsztaty-familijne-luminescencja-swiecace-w-ciemnosci-30-09-01-10-2023\/","title":{"rendered":"\u015awi\u0119tujemy Dzie\u0144 Ch\u0142opaka! Warsztaty familijne: Luminescencja \u2013 \u015bwiec\u0105ce w ciemno\u015bci"},"content":{"rendered":"\n<h2><strong>Czy \u015bwietliki \u015bwiec\u0105 tak samo jak \u017car\u00f3wki? Czy istniej\u0105 \u015bwiec\u0105ce grzyby? Odpowiedzi na te i inne pytania nasi go\u015bcie poznaj\u0105 podczas familijnych warsztat\u00f3w, na kt\u00f3re zapraszamy w ostatni weekend wrze\u015bnia. Z okazji Dnia Ch\u0142opaka przygotowali\u015bmy specjaln\u0105 niespodziank\u0119.<\/strong><\/h2>\n<p><!--more--><\/p>\n<hr \/>\n<p>Go\u015bcie dowiedz\u0105 si\u0119, na czym polega zjawisko bioluminescencji i jakie organizmy \u017cywe potrafi\u0105 emitowa\u0107 \u015bwiat\u0142o. Nie ob\u0119dzie si\u0119 bez wielu intryguj\u0105cych do\u015bwiadcze\u0144, w trakcie kt\u00f3rych uczestnicy sprawdz\u0105 m.in. czy pieni\u0105dze i dokumenty \u015bwiec\u0105 w ciemno\u015bci, jakie substancje emituj\u0105 \u015bwiat\u0142o i w jaki spos\u00f3b zjawisko luminescencji pomaga w prowadzeniu \u015bledztwa.<\/p>\n<p>Na rodzinne zaj\u0119cia zapraszamy <strong>30 wrze\u015bnia oraz 1 pa\u017adziernika<\/strong> <strong>o godz. 15:00<\/strong>. Zaj\u0119cia trwaj\u0105 45 minut. Koszt udzia\u0142u wynosi 25 z\u0142\/os.<\/p>\n<p>Bilety mo\u017cna kupi\u0107 przez stron\u0119 internetow\u0105 <a href=\"http:\/\/bilety.ecn.kielce.pl\">bilety.ecn.kielce.pl<\/a> lub w kasie Centrum.<\/p>\n<p>Warsztaty kierowane s\u0105 do dzieci od 6 roku \u017cycia razem z rodzicami\/opiekunami. Dzieci poni\u017cej 13 roku \u017cycia musz\u0105 znajdowa\u0107 si\u0119 pod opiek\u0105 doros\u0142ego opiekuna, kt\u00f3rego r\u00f3wnie\u017c obowi\u0105zuje bilet wst\u0119pu.<\/p>\n<p>Szczeg\u00f3\u0142y pod nr 41 278 72 50.<\/p>\n","protected":false},"excerpt":{"rendered":"<p>Czy \u015bwietliki \u015bwiec\u0105 tak samo jak \u017car\u00f3wki? Czy istniej\u0105 \u015bwiec\u0105ce grzyby? Odpowiedzi na te i inne pytania nasi go\u015bcie poznaj\u0105 podczas familijnych warsztat\u00f3w, na kt\u00f3re zapraszamy w ostatni weekend wrze\u015bnia. Z okazji Dnia Ch\u0142opaka przygotowali\u015bmy specjaln\u0105 niespodziank\u0119.<\/p>\n","protected":false},"author":2,"featured_media":10443,"comment_status":"closed","ping_status":"closed","sticky":false,"template":"","format":"standard","meta":{"_links_to":"","_links_to_target":""},"categories":[8,9],"tags":[551,1007,1956,1516,1008,173,311,171,1905,1829,175,231,233,195,555,1960,179,978,1958,144],"_links":{"self":[{"href":"https:\/\/ecn.kielce.pl\/index.php\/wp-json\/wp\/v2\/posts\/10358"}],"collection":[{"href":"https:\/\/ecn.kielce.pl\/index.php\/wp-json\/wp\/v2\/posts"}],"about":[{"href":"https:\/\/ecn.kielce.pl\/index.php\/wp-json\/wp\/v2\/types\/post"}],"author":[{"embeddable":true,"href":"https:\/\/ecn.kielce.pl\/index.php\/wp-json\/wp\/v2\/users\/2"}],"replies":[{"embeddable":true,"href":"https:\/\/ecn.kielce.pl\/index.php\/wp-json\/wp\/v2\/comments?post=10358"}],"version-history":[{"count":11,"href":"https:\/\/ecn.kielce.pl\/index.php\/wp-json\/wp\/v2\/posts\/10358\/revisions"}],"predecessor-version":[{"id":10452,"href":"https:\/\/ecn.kielce.pl\/index.php\/wp-json\/wp\/v2\/posts\/10358\/revisions\/10452"}],"wp:featuredmedia":[{"embeddable":true,"href":"https:\/\/ecn.kielce.pl\/index.php\/wp-json\/wp\/v2\/media\/10443"}],"wp:attachment":[{"href":"https:\/\/ecn.kielce.pl\/index.php\/wp-json\/wp\/v2\/media?parent=10358"}],"wp:term":[{"taxonomy":"category","embeddable":true,"href":"https:\/\/ecn.kielce.pl\/index.php\/wp-json\/wp\/v2\/categories?post=10358"},{"taxonomy":"post_tag","embeddable":true,"href":"https:\/\/ecn.kielce.pl\/index.php\/wp-json\/wp\/v2\/tags?post=10358"}],"curies":[{"name":"wp","href":"https:\/\/api.w.org\/{rel}","templated":true}]}}