{"id":10197,"date":"2023-06-28T10:24:28","date_gmt":"2023-06-28T08:24:28","guid":{"rendered":"http:\/\/ecn.kielce.pl\/?p=10197"},"modified":"2023-06-28T14:27:33","modified_gmt":"2023-06-28T12:27:33","slug":"warsztaty-familijne-zielony-parasol-o-czym-szumia-drzewa-w-miescie","status":"publish","type":"post","link":"https:\/\/ecn.kielce.pl\/index.php\/pl\/2023\/06\/28\/warsztaty-familijne-zielony-parasol-o-czym-szumia-drzewa-w-miescie\/","title":{"rendered":"Warsztaty familijne: Zielony parasol \u2013 o czym szumi\u0105 drzewa w mie\u015bcie?"},"content":{"rendered":"\n<h2><strong>W pierwszy lipcowy weekend podczas familijnych warsztat\u00f3w opowiemy na czym polega proces fotosyntezy, co to jest efekt kapilarny, po co nam drzewa i dlaczego warto je chroni\u0107.<\/strong> \u00a0<\/h2>\n<p><!--more--><\/p>\n<hr \/>\n<p>Stanowi\u0105 mi\u0142y dla oka widok, bo jak powszechnie wiadomo ziele\u0144 uspokaja, a w upalny dzie\u0144 doskonale chroni\u0105 przed pal\u0105cym s\u0142o\u0144cem. Z ich drewna mo\u017cemy zbudowa\u0107 \u0142awk\u0119, na kt\u00f3rej przysi\u0105dziemy, by skosztowa\u0107 smakowitych plon\u00f3w drzew owocowych. Jednak powod\u00f3w, dla kt\u00f3rych warto chroni\u0107 te najwi\u0119ksze ro\u015bliny jest zdecydowanie wi\u0119cej. A czy wiecie, dlaczego drzewa nazywamy \u201ezielonymi p\u0142ucami miast\u201d i czemu w naturalnym \u015brodowisku \u017cyj\u0105 d\u0142u\u017cej? Poszukajcie odpowiedzi na naszych warsztatach, na kt\u00f3rych atmosfera nigdy nie jest drewniana!<\/p>\n<p>Na rodzinne zaj\u0119cia zapraszamy 1 oraz 2 lipca o godz. 13:00. Zaj\u0119cia trwaj\u0105 45 minut. Koszt udzia\u0142u wynosi 25 z\u0142\/os. Przypominamy, \u017ce w ramach naszej wakacyjnej akcji &#8220;Ceny za oceny&#8221; mo\u017cna otrzyma\u0107 zni\u017ck\u0119 nawet w wysoko\u015bci 40 %. Zni\u017ck\u0119 mo\u017cna uzyska\u0107, TYLKO kupuj\u0105c bilety w kasie. Szczeg\u00f3\u0142y akcji: <a href=\"https:\/\/bilety.ecn.kielce.pl\/\">TUTAJ<\/a>.\u00a0<\/p>\n<p>Bilety w standardowej cenie mo\u017cna kupi\u0107 przez stron\u0119 internetow\u0105 <a href=\"https:\/\/bilety.ecn.kielce.pl\/\">bilety.ecn.kielce.pl<\/a> lub w kasie Centrum.\u00a0<\/p>\n<p>Warsztaty kierowane s\u0105 do dzieci od 6 roku \u017cycia razem z rodzicami\/opiekunami. Dzieci poni\u017cej 13 roku \u017cycia musz\u0105 znajdowa\u0107 si\u0119 pod opiek\u0105 doros\u0142ego opiekuna, kt\u00f3rego r\u00f3wnie\u017c obowi\u0105zuje bilet wst\u0119pu.<\/p>\n<p>Szczeg\u00f3\u0142y pod nr 41 278 72 50.<\/p>\n","protected":false},"excerpt":{"rendered":"<p>W pierwszy lipcowy weekend podczas familijnych warsztat\u00f3w opowiemy na czym polega proces fotosyntezy, co to jest efekt kapilarny, po co nam drzewa i dlaczego warto je chroni\u0107. \u00a0<\/p>\n","protected":false},"author":2,"featured_media":10199,"comment_status":"closed","ping_status":"closed","sticky":false,"template":"","format":"standard","meta":{"_links_to":"","_links_to_target":""},"categories":[8,9],"tags":[551,1007,1572,1008,173,311,171,1829,175,231,233,195,227,1950,179,978,144],"_links":{"self":[{"href":"https:\/\/ecn.kielce.pl\/index.php\/wp-json\/wp\/v2\/posts\/10197"}],"collection":[{"href":"https:\/\/ecn.kielce.pl\/index.php\/wp-json\/wp\/v2\/posts"}],"about":[{"href":"https:\/\/ecn.kielce.pl\/index.php\/wp-json\/wp\/v2\/types\/post"}],"author":[{"embeddable":true,"href":"https:\/\/ecn.kielce.pl\/index.php\/wp-json\/wp\/v2\/users\/2"}],"replies":[{"embeddable":true,"href":"https:\/\/ecn.kielce.pl\/index.php\/wp-json\/wp\/v2\/comments?post=10197"}],"version-history":[{"count":1,"href":"https:\/\/ecn.kielce.pl\/index.php\/wp-json\/wp\/v2\/posts\/10197\/revisions"}],"predecessor-version":[{"id":10198,"href":"https:\/\/ecn.kielce.pl\/index.php\/wp-json\/wp\/v2\/posts\/10197\/revisions\/10198"}],"wp:featuredmedia":[{"embeddable":true,"href":"https:\/\/ecn.kielce.pl\/index.php\/wp-json\/wp\/v2\/media\/10199"}],"wp:attachment":[{"href":"https:\/\/ecn.kielce.pl\/index.php\/wp-json\/wp\/v2\/media?parent=10197"}],"wp:term":[{"taxonomy":"category","embeddable":true,"href":"https:\/\/ecn.kielce.pl\/index.php\/wp-json\/wp\/v2\/categories?post=10197"},{"taxonomy":"post_tag","embeddable":true,"href":"https:\/\/ecn.kielce.pl\/index.php\/wp-json\/wp\/v2\/tags?post=10197"}],"curies":[{"name":"wp","href":"https:\/\/api.w.org\/{rel}","templated":true}]}}